{"id":33507,"date":"2012-05-30T15:22:49","date_gmt":"2012-05-30T18:22:49","guid":{"rendered":"http:\/\/senoticias.com.br\/se\/?p=33507"},"modified":"2012-05-30T21:55:22","modified_gmt":"2012-05-31T00:55:22","slug":"veja-o-resultado-das-eleicoes-para-reitor-da-ufs","status":"publish","type":"post","link":"https:\/\/senoticias.com.br\/se\/veja-o-resultado-das-eleicoes-para-reitor-da-ufs\/","title":{"rendered":"Veja o resultado das elei\u00e7\u00f5es para reitor da UFS"},"content":{"rendered":"<p>&nbsp;<\/p>\n<div id=\"attachment_18427\" style=\"width: 288px\" class=\"wp-caption alignleft\"><a href=\"http:\/\/senoticias.com.br\/se\/wp-content\/uploads\/2011\/11\/UFS.jpg\"><img loading=\"lazy\" decoding=\"async\" aria-describedby=\"caption-attachment-18427\" class=\"size-full wp-image-18427\" title=\"UFS\" src=\"http:\/\/senoticias.com.br\/se\/wp-content\/uploads\/2011\/11\/UFS.jpg\" alt=\"\" width=\"278\" height=\"181\" \/><\/a><p id=\"caption-attachment-18427\" class=\"wp-caption-text\">Foto: Reprodu\u00e7\u00e3o internet<\/p><\/div>\n<p style=\"text-align: justify;\">A Comiss\u00e3o Eleitoral concluiu a apura\u00e7\u00e3o da elei\u00e7\u00e3o para reitor da UFS por volta das 10h30 desta quarta-feira, 30. A chapa \u201cUFS sempre forte!\u201d, dos professores Angelo e Andr\u00e9, obteve 4.074 votos, sendo 2.719 dos estudantes, 719 dos professores e 636 dos t\u00e9cnicos-administrativos. Houve 92% de votos v\u00e1lidos, 6% de brancos e 2% de nulos. Apenas uma chapa concorreu \u00e0 elei\u00e7\u00e3o.<\/p>\n<p style=\"text-align: justify;\">Para o professor Angelo Antoniolli, a elei\u00e7\u00e3o \u201c\u00e9 um momento importante para a UFS porque a institui\u00e7\u00e3o confirma o processo democr\u00e1tico que era esperado. \u00c9 um momento que, mesmo a universidade passando por um momento dif\u00edcil, de greve, de uma candidatura, tivemos o apoio da comunidade universit\u00e1ria. Estamos entusiasmados e acreditando que a comunidade entendeu o processo e, mais do que isso, apostou nesse grupo para a condu\u00e7\u00e3o desse novo momento\u201d.<\/p>\n<p style=\"text-align: justify;\">Ainda segundo o futuro reitor da UFS, \u201cestamos certos da responsabilidade que temos e de que teremos muito trabalho pela frente. Mas tamb\u00e9m estamos certos que o trabalho e a responsabilidade nunca foram um problema para n\u00f3s. Estamos acreditando muito na comunidade e nesse sentido de pertencimento que precisa acontecer em nossa universidade em todos os segmentos\u201d.<\/p>\n<p style=\"text-align: justify;\">De acordo com o professor Andr\u00e9 Maur\u00edcio, futuro vice-reitor, \u201ceste \u00e9 um momento de muita alegria ao mesmo tempo de muita responsabilidade. As urnas mostraram que os tr\u00eas segmentos da universidade acreditam e confiam nesse projeto. Trata-se da confian\u00e7a da comunidade universit\u00e1ria para um projeto que iremos construir coletivamente\u201d.<\/p>\n<p style=\"text-align: justify;\">A apura\u00e7\u00e3o teve lugar no audit\u00f3rio da Adufs, no campus de S\u00e3o Crist\u00f3v\u00e3o. A elei\u00e7\u00e3o aconteceu durante tr\u00eas dias: 27\/5 nos polos da educa\u00e7\u00e3o a dist\u00e2ncia e 28 e 29\/5 nos campi.<\/p>\n<p style=\"text-align: justify;\">A elei\u00e7\u00e3o na UFS \u00e9 parit\u00e1ria, ou seja, os votos dos alunos, professores e t\u00e9cnicos t\u00eam o mesmo peso.<\/p>\n<p style=\"text-align: justify;\"><em><strong>ASCOM\/UFS<\/strong><\/em><\/p>\n","protected":false},"excerpt":{"rendered":"<p>&nbsp; A Comiss\u00e3o Eleitoral concluiu a apura\u00e7\u00e3o da elei\u00e7\u00e3o para reitor da UFS por volta das 10h30 desta quarta-feira, 30. A chapa \u201cUFS sempre forte!\u201d, dos professores Angelo e Andr\u00e9, obteve 4.074 votos, sendo 2.719 dos estudantes, 719 dos professores e 636 dos t\u00e9cnicos-administrativos. Houve 92% de votos v\u00e1lidos, 6% de brancos e 2% de [&hellip;]<\/p>\n","protected":false},"author":3,"featured_media":18427,"comment_status":"closed","ping_status":"closed","sticky":false,"template":"","format":"standard","meta":{"footnotes":""},"categories":[44,26],"tags":[],"class_list":{"0":"post-33507","1":"post","2":"type-post","3":"status-publish","4":"format-standard","5":"has-post-thumbnail","7":"category-educacao","8":"category-esportes"},"_links":{"self":[{"href":"https:\/\/senoticias.com.br\/se\/wp-json\/wp\/v2\/posts\/33507"}],"collection":[{"href":"https:\/\/senoticias.com.br\/se\/wp-json\/wp\/v2\/posts"}],"about":[{"href":"https:\/\/senoticias.com.br\/se\/wp-json\/wp\/v2\/types\/post"}],"author":[{"embeddable":true,"href":"https:\/\/senoticias.com.br\/se\/wp-json\/wp\/v2\/users\/3"}],"replies":[{"embeddable":true,"href":"https:\/\/senoticias.com.br\/se\/wp-json\/wp\/v2\/comments?post=33507"}],"version-history":[{"count":0,"href":"https:\/\/senoticias.com.br\/se\/wp-json\/wp\/v2\/posts\/33507\/revisions"}],"wp:featuredmedia":[{"embeddable":true,"href":"https:\/\/senoticias.com.br\/se\/wp-json\/wp\/v2\/media\/18427"}],"wp:attachment":[{"href":"https:\/\/senoticias.com.br\/se\/wp-json\/wp\/v2\/media?parent=33507"}],"wp:term":[{"taxonomy":"category","embeddable":true,"href":"https:\/\/senoticias.com.br\/se\/wp-json\/wp\/v2\/categories?post=33507"},{"taxonomy":"post_tag","embeddable":true,"href":"https:\/\/senoticias.com.br\/se\/wp-json\/wp\/v2\/tags?post=33507"}],"curies":[{"name":"wp","href":"https:\/\/api.w.org\/{rel}","templated":true}]}}