{"id":33498,"date":"2012-05-30T06:47:26","date_gmt":"2012-05-30T09:47:26","guid":{"rendered":"http:\/\/senoticias.com.br\/se\/?p=33498"},"modified":"2012-05-30T17:28:11","modified_gmt":"2012-05-30T20:28:11","slug":"justica-de-minas-concede-liberdade-condicional-ao-goleiro-bruno","status":"publish","type":"post","link":"https:\/\/senoticias.com.br\/se\/justica-de-minas-concede-liberdade-condicional-ao-goleiro-bruno\/","title":{"rendered":"Justi\u00e7a de Minas concede liberdade condicional ao goleiro Bruno"},"content":{"rendered":"<p style=\"text-align: justify;\"><span style=\"color: #333333;\"><strong>Decis\u00e3o \u00e9 referente ao processo de c\u00e1rcere privado e les\u00e3o corporal no Rio.<\/strong><\/span><br \/>\n<span style=\"color: #333333;\"><strong>Mas sa\u00edda da pris\u00e3o depende de julgamento de habeas corpus.<\/strong><\/span><\/p>\n<div id=\"attachment_33499\" style=\"width: 310px\" class=\"wp-caption alignleft\"><a href=\"http:\/\/senoticias.com.br\/se\/wp-content\/uploads\/2012\/05\/otc20110628008_comprada_620x465.jpg\"><img loading=\"lazy\" decoding=\"async\" aria-describedby=\"caption-attachment-33499\" class=\"size-medium wp-image-33499\" title=\"otc20110628008_comprada_620x465\" src=\"http:\/\/senoticias.com.br\/se\/wp-content\/uploads\/2012\/05\/otc20110628008_comprada_620x465-300x225.jpg\" alt=\"\" width=\"300\" height=\"225\" \/><\/a><p id=\"caption-attachment-33499\" class=\"wp-caption-text\">Goleiro Bruno chora durante depoimento na Assembleia de MG. (Foto: Alex de Jesus\/O Tempo)<\/p><\/div>\n<p style=\"text-align: justify;\">A Justi\u00e7a de Minas Gerais concedeu na tarde desta ter\u00e7a-feira (29) a liberdade condicional ao goleiro Bruno Fernandes referente ao processo de c\u00e1rcere privado e les\u00e3o corporal de Eliza Samudio, pelo qual o atleta foi condenado pela Justi\u00e7a do Rio de Janeiro a quatro anos e seis meses de pris\u00e3o. Mas para deixar a pris\u00e3o, o jogador ainda depende do julgamento de um pedido de habeas corpus pelo Supremo Tribunal Federal (STF) relacionado ao desaparecimento e morte da ex. Na sess\u00e3o de an\u00e1lises de pedidos de habeas corpus do Supremo desta ter\u00e7a-feira, o processo no goleiro n\u00e3o estava na pauta.<\/p>\n<p style=\"text-align: justify;\">O pedido de liberdade condicional foi julgado pelo juiz Wagner Cavalieri, da Vara de Execu\u00e7\u00f5es Criminais de Contagem, na Regi\u00e3o Metropolitana de Belo Horizonte, devido ao fato de o goleiro estar detido na Penitenci\u00e1ria Nelson Hungria, na mesma cidade. De acordo com o Tribunal de Justi\u00e7a de Minas Gerais (TJMG), na condena\u00e7\u00e3o do Rio de Janeiro, Bruno j\u00e1 tinha direito \u00e0 liberdade condicional desde janeiro deste ano pelo tempo de pena cumprida, mas nenhum pedido havia sido feito anteriormente.<\/p>\n<p style=\"text-align: justify;\">Ap\u00f3s se entregar \u00e0 pol\u00edcia no Rio de Janeiro, Bruno foi transferido em 8 de julho de 2010 para Minas Gerais, onde a pol\u00edcia investigava o sumi\u00e7o da modelo vista pela \u00faltima vez no s\u00edtio do goleiro em Esmeraldas, na Regi\u00e3o Metropolitana de Belo Horizonte. Por determina\u00e7\u00e3o da Justi\u00e7a mineira, desde ent\u00e3o, o atleta cumpre pris\u00e3o provis\u00f3ria no processo de morte e desaparecimento de Eliza Samudio.<\/p>\n<p style=\"text-align: justify;\">O advogado Francisco Simim, respons\u00e1vel pela defesa do goleiro, informou ao G1 que independentemente da decis\u00e3o em rela\u00e7\u00e3o \u00e0 liberdade condicional, Bruno continuar\u00e1 detido por causa do mandado de pris\u00e3o preventiva expedido pela Justi\u00e7a de Minas Gerais.<\/p>\n<p style=\"text-align: justify;\"><strong>Caso Eliza Samudio<\/strong><\/p>\n<p style=\"text-align: justify;\">O goleiro Bruno Fernandes e mais sete r\u00e9us v\u00e3o a j\u00fari popular no processo sobre o desaparecimento e morte de Eliza Samudio, ex-namorada do jogador. Para a pol\u00edcia, Eliza foi morta em junho de 2010 na Regi\u00e3o Metropolitana de Belo Horizonte, e o corpo nunca foi encontrado. Em fevereiro de 2010, a jovem deu \u00e0 luz um menino e alegava que o atleta era o pai da crian\u00e7a. Atualmente, o menino mora com a m\u00e3e de Eliza, em Mato Grosso do Sul.<\/p>\n<p style=\"text-align: justify;\">O goleiro, o amigo Luiz Henrique Rom\u00e3o \u2013 conhecido como Macarr\u00e3o \u2013, e o primo S\u00e9rgio Rosa Sales v\u00e3o a j\u00fari popular por sequestro e c\u00e1rcere privado, homic\u00eddio triplamente qualificado e oculta\u00e7\u00e3o de cad\u00e1ver. S\u00e9rgio responde ao processo em liberdade. O ex-policial Marcos Aparecido dos Santos, o Bola, tamb\u00e9m est\u00e1 preso e vai responder no j\u00fari popular por homic\u00eddio duplamente qualificado e oculta\u00e7\u00e3o de cad\u00e1ver.<\/p>\n<p style=\"text-align: justify;\">Dayanne, ex-mulher do goleiro; Wemerson Marques, amigo do jogador, e Elen\u00edlson V\u00edtor Silva, caseiro do s\u00edtio em Esmeraldas, respondem pelo sequestro e c\u00e1rcere privado do filho de Bruno. J\u00e1 Fernanda Gomes de Castro, outra ex-namorada do jogador, responde por sequestro e c\u00e1rcere privado de Eliza e do filho dela. Eles foram soltos em dezembro de 2010 e respondem ao processo em liberdade. Fl\u00e1vio Caetano Ara\u00fajo, que chegou a ser indiciado, foi inocentado.<\/p>\n<p style=\"text-align: justify;\">Segundo o Tribunal de Justi\u00e7a de Minas Gerais (TJMG), n\u00e3o h\u00e1 previs\u00e3o de data para o julgamento do caso Eliza Samudio.<\/p>\n<p style=\"text-align: justify;\"><strong>Fl\u00e1via Cristini do G1 MG<\/strong><\/p>\n","protected":false},"excerpt":{"rendered":"<p>Decis\u00e3o \u00e9 referente ao processo de c\u00e1rcere privado e les\u00e3o corporal no Rio. Mas sa\u00edda da pris\u00e3o depende de julgamento de habeas corpus. A Justi\u00e7a de Minas Gerais concedeu na tarde desta ter\u00e7a-feira (29) a liberdade condicional ao goleiro Bruno Fernandes referente ao processo de c\u00e1rcere privado e les\u00e3o corporal de Eliza Samudio, pelo qual [&hellip;]<\/p>\n","protected":false},"author":3,"featured_media":33499,"comment_status":"closed","ping_status":"closed","sticky":false,"template":"","format":"standard","meta":{"footnotes":""},"categories":[39,8],"tags":[],"class_list":{"0":"post-33498","1":"post","2":"type-post","3":"status-publish","4":"format-standard","5":"has-post-thumbnail","7":"category-esporte","8":"category-esporte-e-cultura"},"_links":{"self":[{"href":"https:\/\/senoticias.com.br\/se\/wp-json\/wp\/v2\/posts\/33498"}],"collection":[{"href":"https:\/\/senoticias.com.br\/se\/wp-json\/wp\/v2\/posts"}],"about":[{"href":"https:\/\/senoticias.com.br\/se\/wp-json\/wp\/v2\/types\/post"}],"author":[{"embeddable":true,"href":"https:\/\/senoticias.com.br\/se\/wp-json\/wp\/v2\/users\/3"}],"replies":[{"embeddable":true,"href":"https:\/\/senoticias.com.br\/se\/wp-json\/wp\/v2\/comments?post=33498"}],"version-history":[{"count":0,"href":"https:\/\/senoticias.com.br\/se\/wp-json\/wp\/v2\/posts\/33498\/revisions"}],"wp:featuredmedia":[{"embeddable":true,"href":"https:\/\/senoticias.com.br\/se\/wp-json\/wp\/v2\/media\/33499"}],"wp:attachment":[{"href":"https:\/\/senoticias.com.br\/se\/wp-json\/wp\/v2\/media?parent=33498"}],"wp:term":[{"taxonomy":"category","embeddable":true,"href":"https:\/\/senoticias.com.br\/se\/wp-json\/wp\/v2\/categories?post=33498"},{"taxonomy":"post_tag","embeddable":true,"href":"https:\/\/senoticias.com.br\/se\/wp-json\/wp\/v2\/tags?post=33498"}],"curies":[{"name":"wp","href":"https:\/\/api.w.org\/{rel}","templated":true}]}}