{"id":33491,"date":"2012-05-29T22:38:36","date_gmt":"2012-05-30T01:38:36","guid":{"rendered":"http:\/\/senoticias.com.br\/se\/?p=33491"},"modified":"2012-05-30T16:35:37","modified_gmt":"2012-05-30T19:35:37","slug":"juntos-num-so-ritmo-fifa-lanca-slogan-com-samba-e-gol-de-neymar","status":"publish","type":"post","link":"https:\/\/senoticias.com.br\/se\/juntos-num-so-ritmo-fifa-lanca-slogan-com-samba-e-gol-de-neymar\/","title":{"rendered":"&#8216;Juntos num s\u00f3 ritmo&#8217;: Fifa lan\u00e7a slogan com samba e gol de Neymar"},"content":{"rendered":"<div id=\"attachment_33492\" style=\"width: 310px\" class=\"wp-caption alignleft\"><a href=\"http:\/\/senoticias.com.br\/se\/wp-content\/uploads\/2012\/05\/ronaldo-bebeto2_rep.jpg\"><img loading=\"lazy\" decoding=\"async\" aria-describedby=\"caption-attachment-33492\" class=\"size-medium wp-image-33492\" title=\"\" src=\"http:\/\/senoticias.com.br\/se\/wp-content\/uploads\/2012\/05\/ronaldo-bebeto2_rep-300x188.jpg\" alt=\"\" width=\"300\" height=\"188\" srcset=\"https:\/\/senoticias.com.br\/se\/wp-content\/uploads\/2012\/05\/ronaldo-bebeto2_rep-300x188.jpg 300w, https:\/\/senoticias.com.br\/se\/wp-content\/uploads\/2012\/05\/ronaldo-bebeto2_rep-342x215.jpg 342w, https:\/\/senoticias.com.br\/se\/wp-content\/uploads\/2012\/05\/ronaldo-bebeto2_rep.jpg 620w\" sizes=\"(max-width: 300px) 100vw, 300px\" \/><\/a><p id=\"caption-attachment-33492\" class=\"wp-caption-text\">Ronaldo, Valcke, Aldo e Bebeto no an\u00fancio oficial do slogan da Copa do Mundo (Foto: Fifa.com)<\/p><\/div>\n<p style=\"text-align: justify;\">A Fifa lan\u00e7ou nesta ter\u00e7a-feira oficialmente o slogan da Copa do Mundo de 2014: &#8220;Juntos num s\u00f3 ritmo&#8221;, que foi apresentado em um v\u00eddeo que termina com o atacante Neymar usando a camisa da Sele\u00e7\u00e3o Brasileira e comemorando um gol, seguido pela frase escolhida como lema do torneio.<\/p>\n<p style=\"text-align: justify;\">O filme de 30 segundos de dura\u00e7\u00e3o, criado pela Central Globo de Comunica\u00e7\u00e3o, mescla imagens marcantes do Brasil \u2013 paisagens, pontos tur\u00edsticos, festas, crian\u00e7as jogando bola, grandes metr\u00f3poles \u2013 com cenas de lances de futebol, ao som de samba. Ronaldo, Robinho e o argentino Lionel Messi, por exemplo, aparecem em lances de Mundiais anteriores. Neymar, \u00faltimo a ser exibido, nunca jogou uma Copa.<\/p>\n<p style=\"text-align: justify;\">Em imagens divulgadas pela Fifa, o secret\u00e1rio-geral da entidade, J\u00e9r\u00f4me Valcke, o ministro do Esporte, Aldo Rebelo, e os ex-jogadores Ronaldo e Bebeto, que s\u00e3o membros do Comit\u00ea Organizador Local (COL), foram os respons\u00e1veis por explicar a escolha da frase, que em ingl\u00eas foi registrada como &#8220;All in one rhythm&#8221; (&#8220;Todos em um ritmo&#8221;, na tradu\u00e7\u00e3o literal).<\/p>\n<p style=\"text-align: justify;\">&#8211; Eu acho que o slogan \u00e9 o fio condutor para a Copa do Mundo. N\u00e3o s\u00f3 para o Brasil, mas para o mundo. \u00c9 por isso que tem sido importante trabalharmos juntos, Brasil e Fifa, para misturar a cultura mundial e a cultura brasileira e ser capaz de mostrar ao mundo o que \u00e9 o Brasil, o que \u00e9 o ritmo do Brasil. N\u00e3o \u00e9 apenas o ritmo do futebol especificamente. Tamb\u00e9m fala da m\u00fasica, como os brasileiros s\u00e3o e a maneira com o Brasil dar\u00e1 as boas vindas ao mundo. E temos que ter certeza que se encaixa com a cultura do mundo e a cultura brasileira. Espero que o que fizemos seja apreciado pelas duas &#8211; disse Valcke.<\/p>\n<p style=\"text-align: justify;\">Para o ministro, a realiza\u00e7\u00e3o da Copa do Mundo no Brasil \u00e9 um presente ao pa\u00eds que mais vezes venceu a competi\u00e7\u00e3o:<\/p>\n<p style=\"text-align: justify;\">&#8211; A Copa \u00e9 a maior celebra\u00e7\u00e3o do planeta, n\u00e3o apenas do esporte, n\u00e3o apenas do futebol. \u00c9 a festa mais aguardada do esporte mais querido por toda a humanidade. E o Brasil \u00e9 o pa\u00eds que participou de todas essas Copas, \u00e9 o pa\u00eds que ganhou cinco vezes, \u00e9 o pa\u00eds que tem o maior artilheiro dessas Copas e \u00e9 o pa\u00eds que tem o jogador mais importante dessas Copas. E o ritmo \u00e9 o ritmo do Brasil, o ritmo da Copa, o ritmo do futebol, o ritmo da unidade, o ritmo da diversidade, o ritmo da fantasia, o ritmo de um pa\u00eds que recebe de bra\u00e7os abertos a grande celebra\u00e7\u00e3o do futebol do mundo.<\/p>\n<p style=\"text-align: justify;\">O maior artilheiro citado por Aldo \u00e9 Ronaldo, que exaltou a escolha do slogan como um reflexo do que o futebol representa para o Brasil:<\/p>\n<p style=\"text-align: justify;\">&#8211; O futebol \u00e9 o nosso maior entretenimento, o brasileiro \u00e9 apaixonado por futebol. E o futebol nada mais \u00e9 que a tradu\u00e7\u00e3o do nosso ritmo, dos nossos sentimentos. O brasileiro \u00e9 ousado, joga com alegria, ele \u00e9 simp\u00e1tico com o turista, ele \u00e9 solid\u00e1rio. O futebol traduz todo o sentimento que o brasileiro tem.<\/p>\n<p style=\"text-align: justify;\">Por fim, Bebeto destacou o &#8220;ritmo natural&#8221; dos brasileiros e o legado que o Mundial deixar\u00e1 para o pa\u00eds ap\u00f3s 2014:<\/p>\n<p style=\"text-align: justify;\">&#8211; N\u00f3s, brasileiros, possu\u00edmos um ritmo natural. N\u00e3o \u00e9 \u00e0 toa que que somos pentacampe\u00f5es mundiais. \u00c9 com esse ritmo que iremos realizar uma das maiores Copas do Mundo de todos os tempos. Mostrando a todo planeta a capacidade de poder realizar grandes eventos. E o mais importante de tudo isso \u00e9 o legado que ser\u00e1 deixado para o nosso pa\u00eds.<\/p>\n<p style=\"text-align: justify;\">O slogan foi criado pela ag\u00eancia de comunica\u00e7\u00e3o brasileira Aktuell. Segundo a Fifa, &#8220;ele representa a mentalidade que est\u00e1 por tr\u00e1s de todos os aspectos da organiza\u00e7\u00e3o do torneio&#8221;. A frase &#8220;Juntos num s\u00f3 ritmo&#8221; ir\u00e1 influenciar ainda a elabora\u00e7\u00e3o das m\u00fasicas-tema de eventos como o Fifa Fan Fest e as cerim\u00f4nias de abertura e de encerramento.<\/p>\n<p style=\"text-align: justify;\">Na quarta-feira, Valcke, Aldo, Ronaldo e Bebeto encontram-se no Rio de Janeiro para a divulga\u00e7\u00e3o da tabela da Copa das Confedera\u00e7\u00f5es de 2013, que j\u00e1 tem Rio, Bras\u00edlia, Belo Horizonte e Fortaleza como sedes confirmadas. Recife e Salvador foram aprovadas pela Fifa, mas ainda esperam uma decis\u00e3o para novembro.<\/p>\n<p style=\"text-align: justify;\"><em><strong>Globo Esporte<\/strong><\/em><\/p>\n","protected":false},"excerpt":{"rendered":"<p>A Fifa lan\u00e7ou nesta ter\u00e7a-feira oficialmente o slogan da Copa do Mundo de 2014: &#8220;Juntos num s\u00f3 ritmo&#8221;, que foi apresentado em um v\u00eddeo que termina com o atacante Neymar usando a camisa da Sele\u00e7\u00e3o Brasileira e comemorando um gol, seguido pela frase escolhida como lema do torneio. O filme de 30 segundos de dura\u00e7\u00e3o, [&hellip;]<\/p>\n","protected":false},"author":3,"featured_media":33492,"comment_status":"closed","ping_status":"closed","sticky":false,"template":"","format":"standard","meta":{"footnotes":""},"categories":[39,8],"tags":[],"class_list":{"0":"post-33491","1":"post","2":"type-post","3":"status-publish","4":"format-standard","5":"has-post-thumbnail","7":"category-esporte","8":"category-esporte-e-cultura"},"_links":{"self":[{"href":"https:\/\/senoticias.com.br\/se\/wp-json\/wp\/v2\/posts\/33491"}],"collection":[{"href":"https:\/\/senoticias.com.br\/se\/wp-json\/wp\/v2\/posts"}],"about":[{"href":"https:\/\/senoticias.com.br\/se\/wp-json\/wp\/v2\/types\/post"}],"author":[{"embeddable":true,"href":"https:\/\/senoticias.com.br\/se\/wp-json\/wp\/v2\/users\/3"}],"replies":[{"embeddable":true,"href":"https:\/\/senoticias.com.br\/se\/wp-json\/wp\/v2\/comments?post=33491"}],"version-history":[{"count":0,"href":"https:\/\/senoticias.com.br\/se\/wp-json\/wp\/v2\/posts\/33491\/revisions"}],"wp:featuredmedia":[{"embeddable":true,"href":"https:\/\/senoticias.com.br\/se\/wp-json\/wp\/v2\/media\/33492"}],"wp:attachment":[{"href":"https:\/\/senoticias.com.br\/se\/wp-json\/wp\/v2\/media?parent=33491"}],"wp:term":[{"taxonomy":"category","embeddable":true,"href":"https:\/\/senoticias.com.br\/se\/wp-json\/wp\/v2\/categories?post=33491"},{"taxonomy":"post_tag","embeddable":true,"href":"https:\/\/senoticias.com.br\/se\/wp-json\/wp\/v2\/tags?post=33491"}],"curies":[{"name":"wp","href":"https:\/\/api.w.org\/{rel}","templated":true}]}}