{"id":33471,"date":"2012-05-29T18:34:53","date_gmt":"2012-05-29T21:34:53","guid":{"rendered":"http:\/\/senoticias.com.br\/se\/?p=33471"},"modified":"2012-05-30T15:40:54","modified_gmt":"2012-05-30T18:40:54","slug":"irmaos-podem-disputar-eleicao-para-prefeito-em-campo-do-brito","status":"publish","type":"post","link":"https:\/\/senoticias.com.br\/se\/irmaos-podem-disputar-eleicao-para-prefeito-em-campo-do-brito\/","title":{"rendered":"Irm\u00e3os podem disputar elei\u00e7\u00e3o para prefeito em Campo do Brito, SE"},"content":{"rendered":"<p style=\"text-align: justify;\"><a href=\"http:\/\/senoticias.com.br\/se\/wp-content\/uploads\/2012\/05\/Brito.jpg\"><img loading=\"lazy\" decoding=\"async\" class=\"alignleft size-medium wp-image-33472\" title=\"Campo do Brito\" src=\"http:\/\/senoticias.com.br\/se\/wp-content\/uploads\/2012\/05\/Brito-300x225.jpg\" alt=\"\" width=\"300\" height=\"225\" srcset=\"https:\/\/senoticias.com.br\/se\/wp-content\/uploads\/2012\/05\/Brito-300x225.jpg 300w, https:\/\/senoticias.com.br\/se\/wp-content\/uploads\/2012\/05\/Brito-342x256.jpg 342w, https:\/\/senoticias.com.br\/se\/wp-content\/uploads\/2012\/05\/Brito-60x45.jpg 60w, https:\/\/senoticias.com.br\/se\/wp-content\/uploads\/2012\/05\/Brito-150x113.jpg 150w, https:\/\/senoticias.com.br\/se\/wp-content\/uploads\/2012\/05\/Brito-269x201.jpg 269w, https:\/\/senoticias.com.br\/se\/wp-content\/uploads\/2012\/05\/Brito.jpg 640w\" sizes=\"(max-width: 300px) 100vw, 300px\" \/><\/a>A disputa pelo cargo majorit\u00e1rio em Campo do Brito, mun\u00edcipio distante 64 km de Aracaju, est\u00e1 prestes a se tornar uma briga familiar. L\u00e9o (PSB), que j\u00e1 havia lan\u00e7ado sua pr\u00e9-candidatura, pode ter como seu opositor, seu irm\u00e3o Z\u00e9 Carlinhos (PTB).<\/p>\n<p style=\"text-align: justify;\">O prefeito Manoel de Souza, conhecido como Main (PDT), de Campo do Brito, tinha definido o nome do atual vice-prefeito, Jdovan (PDT), como seu pr\u00e9-candidato para disputar as elei\u00e7\u00f5es 2012, mas na \u00faltima semana o empres\u00e1rio desistiu da disputa ao pleito. Diante da desist\u00eancia o grupo dever\u00e1 lan\u00e7ar o nome de Z\u00e9 Carlinhos.<\/p>\n<p style=\"text-align: justify;\">Pelo grupo de oposi\u00e7\u00e3o, o ex-vereador L\u00e9o, que disputou as elei\u00e7\u00f5es 2008 contra Main e obteve 4.774 votos, perdendo por uma margem de 282 votos, mant\u00e9m-se forte, e como pr\u00e9-candidato da oposi\u00e7\u00e3o.<\/p>\n<p style=\"text-align: justify;\">Entre 10 a 30 de junho \u00e9 permitida a realiza\u00e7\u00e3o de conven\u00e7\u00f5es destinadas a deliberar sobre coliga\u00e7\u00f5es e escolher candidatos a prefeito, a vice-prefeito e a vereador.<\/p>\n<p style=\"text-align: justify;\"><span style=\"color: #666699;\"><em><strong>\u00a0Aparecido Santana &#8211; Reda\u00e7\u00e3o Itnet<\/strong><\/em><\/span><\/p>\n","protected":false},"excerpt":{"rendered":"<p>A disputa pelo cargo majorit\u00e1rio em Campo do Brito, mun\u00edcipio distante 64 km de Aracaju, est\u00e1 prestes a se tornar uma briga familiar. L\u00e9o (PSB), que j\u00e1 havia lan\u00e7ado sua pr\u00e9-candidatura, pode ter como seu opositor, seu irm\u00e3o Z\u00e9 Carlinhos (PTB). O prefeito Manoel de Souza, conhecido como Main (PDT), de Campo do Brito, tinha [&hellip;]<\/p>\n","protected":false},"author":3,"featured_media":33472,"comment_status":"closed","ping_status":"closed","sticky":false,"template":"","format":"standard","meta":{"footnotes":""},"categories":[38],"tags":[],"class_list":{"0":"post-33471","1":"post","2":"type-post","3":"status-publish","4":"format-standard","5":"has-post-thumbnail","7":"category-municipios"},"_links":{"self":[{"href":"https:\/\/senoticias.com.br\/se\/wp-json\/wp\/v2\/posts\/33471"}],"collection":[{"href":"https:\/\/senoticias.com.br\/se\/wp-json\/wp\/v2\/posts"}],"about":[{"href":"https:\/\/senoticias.com.br\/se\/wp-json\/wp\/v2\/types\/post"}],"author":[{"embeddable":true,"href":"https:\/\/senoticias.com.br\/se\/wp-json\/wp\/v2\/users\/3"}],"replies":[{"embeddable":true,"href":"https:\/\/senoticias.com.br\/se\/wp-json\/wp\/v2\/comments?post=33471"}],"version-history":[{"count":0,"href":"https:\/\/senoticias.com.br\/se\/wp-json\/wp\/v2\/posts\/33471\/revisions"}],"wp:featuredmedia":[{"embeddable":true,"href":"https:\/\/senoticias.com.br\/se\/wp-json\/wp\/v2\/media\/33472"}],"wp:attachment":[{"href":"https:\/\/senoticias.com.br\/se\/wp-json\/wp\/v2\/media?parent=33471"}],"wp:term":[{"taxonomy":"category","embeddable":true,"href":"https:\/\/senoticias.com.br\/se\/wp-json\/wp\/v2\/categories?post=33471"},{"taxonomy":"post_tag","embeddable":true,"href":"https:\/\/senoticias.com.br\/se\/wp-json\/wp\/v2\/tags?post=33471"}],"curies":[{"name":"wp","href":"https:\/\/api.w.org\/{rel}","templated":true}]}}