{"id":33460,"date":"2012-05-29T15:29:11","date_gmt":"2012-05-29T18:29:11","guid":{"rendered":"http:\/\/senoticias.com.br\/se\/?p=33460"},"modified":"2012-05-30T07:03:47","modified_gmt":"2012-05-30T10:03:47","slug":"morre-ex-prefeito-de-rosario-do-catete-se","status":"publish","type":"post","link":"https:\/\/senoticias.com.br\/se\/morre-ex-prefeito-de-rosario-do-catete-se\/","title":{"rendered":"Morre ex-prefeito de Ros\u00e1rio do Catete, SE"},"content":{"rendered":"<div id=\"attachment_33461\" style=\"width: 214px\" class=\"wp-caption alignleft\"><a href=\"http:\/\/senoticias.com.br\/se\/wp-content\/uploads\/2012\/05\/dds5xg4q_290djcj2kc5_b.jpg\"><img loading=\"lazy\" decoding=\"async\" aria-describedby=\"caption-attachment-33461\" class=\"size-full wp-image-33461\" title=\"\" src=\"http:\/\/senoticias.com.br\/se\/wp-content\/uploads\/2012\/05\/dds5xg4q_290djcj2kc5_b.jpg\" alt=\"\" width=\"204\" height=\"320\" srcset=\"https:\/\/senoticias.com.br\/se\/wp-content\/uploads\/2012\/05\/dds5xg4q_290djcj2kc5_b.jpg 204w, https:\/\/senoticias.com.br\/se\/wp-content\/uploads\/2012\/05\/dds5xg4q_290djcj2kc5_b-191x300.jpg 191w\" sizes=\"(max-width: 204px) 100vw, 204px\" \/><\/a><p id=\"caption-attachment-33461\" class=\"wp-caption-text\">Dernival Rodrigues foi prefeito do munic\u00edpio entre os anos 1997 e 2000.(Reprodu\u00e7\u00e3o)<\/p><\/div>\n<p style=\"text-align: justify;\">Morreu na manh\u00e3 desta ter\u00e7a-feira (29) o ex-prefeito do munic\u00edpio de Ros\u00e1rio do Catete, Dernival Rodrigues Santos, 63, anos. O ex-prefeito faleceu em um hospital particular de Aracaju.<\/p>\n<p style=\"text-align: justify;\">O corpo do ex-prefeito est\u00e1 sendo velado no audit\u00f3rio da C\u00e2mara de Vereadores, do munic\u00edpio de Ros\u00e1rio do Catete, localizado a 37 Km de Aracaju.<\/p>\n<p style=\"text-align: justify;\">O sepultamento ser\u00e1 realizado na manh\u00e3 de quarta-feira (30), no Cemit\u00e9rio de Ros\u00e1rio do Catete, cidade natal de Dernival Rodrigues.<\/p>\n<p>Dernival Rodrigues foi prefeito do munic\u00edpio entre os anos 1997 e 2000.<\/p>\n<p><strong>Prefeito decreta luto oficial e ponto facultativo pela morte de Dernival<\/strong><\/p>\n<p style=\"text-align: justify;\">O Prefeita Ros\u00e1rio do Catete, Etelvino Barreto decretou luto oficial de tr\u00eas dias e ponto facultativo em todas as atividades da administa\u00e7\u00e3o p\u00fablica hoje (30) por conta do falecimento do ex-prefeito Dernival Rodrigues.<\/p>\n","protected":false},"excerpt":{"rendered":"<p>Morreu na manh\u00e3 desta ter\u00e7a-feira (29) o ex-prefeito do munic\u00edpio de Ros\u00e1rio do Catete, Dernival Rodrigues Santos, 63, anos. O ex-prefeito faleceu em um hospital particular de Aracaju. O corpo do ex-prefeito est\u00e1 sendo velado no audit\u00f3rio da C\u00e2mara de Vereadores, do munic\u00edpio de Ros\u00e1rio do Catete, localizado a 37 Km de Aracaju. O sepultamento [&hellip;]<\/p>\n","protected":false},"author":3,"featured_media":33461,"comment_status":"closed","ping_status":"closed","sticky":false,"template":"","format":"standard","meta":{"footnotes":""},"categories":[38],"tags":[],"class_list":{"0":"post-33460","1":"post","2":"type-post","3":"status-publish","4":"format-standard","5":"has-post-thumbnail","7":"category-municipios"},"_links":{"self":[{"href":"https:\/\/senoticias.com.br\/se\/wp-json\/wp\/v2\/posts\/33460"}],"collection":[{"href":"https:\/\/senoticias.com.br\/se\/wp-json\/wp\/v2\/posts"}],"about":[{"href":"https:\/\/senoticias.com.br\/se\/wp-json\/wp\/v2\/types\/post"}],"author":[{"embeddable":true,"href":"https:\/\/senoticias.com.br\/se\/wp-json\/wp\/v2\/users\/3"}],"replies":[{"embeddable":true,"href":"https:\/\/senoticias.com.br\/se\/wp-json\/wp\/v2\/comments?post=33460"}],"version-history":[{"count":0,"href":"https:\/\/senoticias.com.br\/se\/wp-json\/wp\/v2\/posts\/33460\/revisions"}],"wp:featuredmedia":[{"embeddable":true,"href":"https:\/\/senoticias.com.br\/se\/wp-json\/wp\/v2\/media\/33461"}],"wp:attachment":[{"href":"https:\/\/senoticias.com.br\/se\/wp-json\/wp\/v2\/media?parent=33460"}],"wp:term":[{"taxonomy":"category","embeddable":true,"href":"https:\/\/senoticias.com.br\/se\/wp-json\/wp\/v2\/categories?post=33460"},{"taxonomy":"post_tag","embeddable":true,"href":"https:\/\/senoticias.com.br\/se\/wp-json\/wp\/v2\/tags?post=33460"}],"curies":[{"name":"wp","href":"https:\/\/api.w.org\/{rel}","templated":true}]}}