{"id":33455,"date":"2012-05-29T15:10:31","date_gmt":"2012-05-29T18:10:31","guid":{"rendered":"http:\/\/senoticias.com.br\/se\/?p=33455"},"modified":"2012-05-30T15:24:01","modified_gmt":"2012-05-30T18:24:01","slug":"pc-de-propria-prende-traficantes-e-apreende-cerca-de-1-kg-de-maconha","status":"publish","type":"post","link":"https:\/\/senoticias.com.br\/se\/pc-de-propria-prende-traficantes-e-apreende-cerca-de-1-kg-de-maconha\/","title":{"rendered":"PC de Propri\u00e1 prende traficantes e apreende cerca de 1 kg de maconha"},"content":{"rendered":"<p><a href=\"http:\/\/senoticias.com.br\/se\/wp-content\/uploads\/2012\/05\/images-stories-NOVAS_FOTOS_NOTICIAS-Maio-29-editada_6-220x293.jpg\"><img loading=\"lazy\" decoding=\"async\" class=\"alignleft size-full wp-image-33456\" title=\"images-stories-NOVAS_FOTOS_NOTICIAS-Maio-29-editada_6-220x293\" src=\"http:\/\/senoticias.com.br\/se\/wp-content\/uploads\/2012\/05\/images-stories-NOVAS_FOTOS_NOTICIAS-Maio-29-editada_6-220x293.jpg\" alt=\"\" width=\"220\" height=\"293\" \/><\/a>Opera\u00e7\u00e3o deflagrada no in\u00edcio da manh\u00e3 desta ter\u00e7a-feira, 29, \u00e9 finalizada com a pris\u00e3o de casal envolvido com o tr\u00e1fico de drogas em Propri\u00e1. Foram presos pela Pol\u00edcia Civil do munic\u00edpio Ivanildo Leite dos Santos, 53 anos, vulgo &#8220;Macarr\u00e3o&#8221; e T\u00e2mara C\u00edcera da Silva, conhecida por &#8220;Taminha&#8221;.<\/p>\n<p style=\"text-align: justify;\">&#8220;Ap\u00f3s dois meses de investiga\u00e7\u00e3o conseguimos fazer um levantamento acerca do tr\u00e1fico de drogas efetuada por Ivanildo em uma Vila localizada no fundo do Banco do Brasil.&#8221;Efetuamos a representa\u00e7\u00e3o pela Busca e Apreens\u00e3o no local e, no dia de hoje, apreendemos na casa de do suspeito cerca de um quilo de maconha, uma certa quantia em dinheiro e diversos objetos fruto de recepta\u00e7\u00e3o&#8221;, informou o delegado F\u00e1bio Santana.<\/p>\n<p style=\"text-align: justify;\">O casal ser\u00e1 indiciado por tr\u00e1fico de drogas e recepta\u00e7\u00e3o e estar\u00e3o \u00e0 disposi\u00e7\u00e3o da Justi\u00e7a local. A opera\u00e7\u00e3o contou com apoio do canil do Departamento de Narc\u00f3ticos da Pol\u00edcia Civil (DENARC) e de policiais da delegacia da cidade de Telha.<\/p>\n<p style=\"text-align: justify;\">SSP\/SE<\/p>\n","protected":false},"excerpt":{"rendered":"<p>Opera\u00e7\u00e3o deflagrada no in\u00edcio da manh\u00e3 desta ter\u00e7a-feira, 29, \u00e9 finalizada com a pris\u00e3o de casal envolvido com o tr\u00e1fico de drogas em Propri\u00e1. Foram presos pela Pol\u00edcia Civil do munic\u00edpio Ivanildo Leite dos Santos, 53 anos, vulgo &#8220;Macarr\u00e3o&#8221; e T\u00e2mara C\u00edcera da Silva, conhecida por &#8220;Taminha&#8221;. &#8220;Ap\u00f3s dois meses de investiga\u00e7\u00e3o conseguimos fazer um [&hellip;]<\/p>\n","protected":false},"author":3,"featured_media":33456,"comment_status":"closed","ping_status":"closed","sticky":false,"template":"","format":"standard","meta":{"footnotes":""},"categories":[7],"tags":[],"class_list":{"0":"post-33455","1":"post","2":"type-post","3":"status-publish","4":"format-standard","5":"has-post-thumbnail","7":"category-policia"},"_links":{"self":[{"href":"https:\/\/senoticias.com.br\/se\/wp-json\/wp\/v2\/posts\/33455"}],"collection":[{"href":"https:\/\/senoticias.com.br\/se\/wp-json\/wp\/v2\/posts"}],"about":[{"href":"https:\/\/senoticias.com.br\/se\/wp-json\/wp\/v2\/types\/post"}],"author":[{"embeddable":true,"href":"https:\/\/senoticias.com.br\/se\/wp-json\/wp\/v2\/users\/3"}],"replies":[{"embeddable":true,"href":"https:\/\/senoticias.com.br\/se\/wp-json\/wp\/v2\/comments?post=33455"}],"version-history":[{"count":0,"href":"https:\/\/senoticias.com.br\/se\/wp-json\/wp\/v2\/posts\/33455\/revisions"}],"wp:featuredmedia":[{"embeddable":true,"href":"https:\/\/senoticias.com.br\/se\/wp-json\/wp\/v2\/media\/33456"}],"wp:attachment":[{"href":"https:\/\/senoticias.com.br\/se\/wp-json\/wp\/v2\/media?parent=33455"}],"wp:term":[{"taxonomy":"category","embeddable":true,"href":"https:\/\/senoticias.com.br\/se\/wp-json\/wp\/v2\/categories?post=33455"},{"taxonomy":"post_tag","embeddable":true,"href":"https:\/\/senoticias.com.br\/se\/wp-json\/wp\/v2\/tags?post=33455"}],"curies":[{"name":"wp","href":"https:\/\/api.w.org\/{rel}","templated":true}]}}