{"id":33448,"date":"2012-05-29T14:37:22","date_gmt":"2012-05-29T17:37:22","guid":{"rendered":"http:\/\/senoticias.com.br\/se\/?p=33448"},"modified":"2012-05-30T15:31:49","modified_gmt":"2012-05-30T18:31:49","slug":"mpfse-denuncia-empresas-e-socios-por-extracao-ilegal-de-areia","status":"publish","type":"post","link":"https:\/\/senoticias.com.br\/se\/mpfse-denuncia-empresas-e-socios-por-extracao-ilegal-de-areia\/","title":{"rendered":"MPF\/SE denuncia empresas e s\u00f3cios por extra\u00e7\u00e3o ilegal de areia"},"content":{"rendered":"<p><span style=\"color: #333333;\"><em><strong>Dano ambiental ocorreu em Porto da Folha durante pavimenta\u00e7\u00e3o da Rodovia SE-179<\/strong><\/em><\/span><\/p>\n<p style=\"text-align: justify;\"><a href=\"http:\/\/senoticias.com.br\/se\/wp-content\/uploads\/2011\/04\/MPF.jpg\"><img loading=\"lazy\" decoding=\"async\" class=\"alignleft size-full wp-image-4349\" title=\"MPF\" src=\"http:\/\/senoticias.com.br\/se\/wp-content\/uploads\/2011\/04\/MPF.jpg\" alt=\"\" width=\"225\" height=\"150\" \/><\/a>O Minist\u00e9rio P\u00fablico Federal em Sergipe (MPF\/SE) denunciou as empresas Rematel Recuperadora de Malha Asf\u00e1ltica e Terraplenagem Ltda, o seu administrador Alexandre Fonseca, a empresa Torre Empreendimentos Rural e Constru\u00e7\u00e3o Ltda, e seus s\u00f3cios Jos\u00e9 Ant\u00f4nio Torres Neto e Soraya Machado Torres e o pescador Gilmar \u00c1vila Almeida por crime ambiental e de usurpa\u00e7\u00e3o do patrim\u00f4nio da Uni\u00e3o. As empresas Rematel e Torre extra\u00edram areia e saibro de \u00e1rea da Uni\u00e3o para execu\u00e7\u00e3o de obras de pavimenta\u00e7\u00e3o da Rodovia SE-179, no munic\u00edpio de Porto da Folha.<\/p>\n<p style=\"text-align: justify;\">A extra\u00e7\u00e3o ilegal ocorreu entre junho de 2008 e agosto de 2010 e atingiu as terras da comunidade quilombola do Povoado Mocambo. De acordo com os levantamentos realizados pelo MPF e com informa\u00e7\u00f5es do Departamento Nacional de Produ\u00e7\u00e3o Mineral (DNPM) e da Administra\u00e7\u00e3o Estadual do Meio Ambiente (Adema), as obras foram iniciadas em 2008 pela empresa Rematel e assumidas pela Torre em 2010.<\/p>\n<p style=\"text-align: justify;\">No per\u00edodo, as duas empresas realizaram extra\u00e7\u00e3o de saibro e areia sem autoriza\u00e7\u00e3o para a retirada do mineral que, por lei, pertence \u00e0 Uni\u00e3o. Em depoimento, Gilmar \u00c1vila Almeida confirmou que autorizou a retirada de areia e saibro do terreno do qual detinha a posse, situado na comunidade quilombola. Disse tamb\u00e9m que recebia R$ 10 por caminh\u00e3o carregado no terreno e que pelo menos 1.250 ca\u00e7ambas de saibro foram retiradas do local.<\/p>\n<p style=\"text-align: justify;\">Um laudo ambiental da Pol\u00edcia Federal confirmou a extra\u00e7\u00e3o de 79.045 metros c\u00fabicos de areia, com dano \u00e0 Uni\u00e3o estimado em R$ 1.454.437.<\/p>\n<p style=\"text-align: justify;\">Penas \u2013 O MPF\/SE, atrav\u00e9s do procurador Ruy Nestor Bastos Melo, requereu que os denunciados Alexandre Fonseca, Jos\u00e9 Ant\u00f4nio Torres Neto, Soraya Machado Torres e Gilmar \u00c1vila Almeida, sejam condenados por extra\u00e7\u00e3o de recursos minerais sem autoriza\u00e7\u00e3o, crime que tem pena de seis meses a um ano de deten\u00e7\u00e3o mais pagamento de multa, e pelo crime de explorar mat\u00e9ria-prima pertencente \u00e0 Uni\u00e3o sem autoriza\u00e7\u00e3o legal, que tem pena de um a cinco anos de deten\u00e7\u00e3o e o pagamento de multa.<\/p>\n<p style=\"text-align: justify;\">A legisla\u00e7\u00e3o sobre crimes ambientais tamb\u00e9m prev\u00ea puni\u00e7\u00e3o \u00e0s pessoas jur\u00eddicas e o MPF\/SE requereu que as empresas Rematel e Torre tamb\u00e9m sejam responsabilizadas pelo crime ambiental de extra\u00e7\u00e3o de recursos minerais sem autoriza\u00e7\u00e3o. As penas previstas para pessoas jur\u00eddicas, no caso, s\u00e3o de pagamento de multa, interdi\u00e7\u00e3o, suspens\u00e3o parcial ou total das atividades, proibi\u00e7\u00e3o de contratar com o Poder P\u00fablico e presta\u00e7\u00e3o de servi\u00e7os \u00e0 comunidade.<\/p>\n<p style=\"text-align: justify;\">O n\u00famero da a\u00e7\u00e3o \u00e9 0000857-58.2012.4.05.8501. Sobre o mesmo caso, no \u00e2mbito c\u00edvel, o MPF\/SE j\u00e1 havia ajuizado a\u00e7\u00e3o civil p\u00fablica, proposta contra o DER\/SE e as empresas Torre e Rematel, que tramita com o n\u00famero <strong>0000970-80.2010.4.05.8501.<\/strong><\/p>\n<p style=\"text-align: justify;\"><span style=\"color: #666699;\"><em><strong>Assessoria de Comunica\u00e7\u00e3o<\/strong><\/em><\/span><br \/>\n<span style=\"color: #666699;\"><em><strong>Minist\u00e9rio P\u00fablico Federal em Sergipe<\/strong><\/em><\/span><\/p>\n","protected":false},"excerpt":{"rendered":"<p>Dano ambiental ocorreu em Porto da Folha durante pavimenta\u00e7\u00e3o da Rodovia SE-179 O Minist\u00e9rio P\u00fablico Federal em Sergipe (MPF\/SE) denunciou as empresas Rematel Recuperadora de Malha Asf\u00e1ltica e Terraplenagem Ltda, o seu administrador Alexandre Fonseca, a empresa Torre Empreendimentos Rural e Constru\u00e7\u00e3o Ltda, e seus s\u00f3cios Jos\u00e9 Ant\u00f4nio Torres Neto e Soraya Machado Torres e [&hellip;]<\/p>\n","protected":false},"author":3,"featured_media":4349,"comment_status":"closed","ping_status":"closed","sticky":false,"template":"","format":"standard","meta":{"footnotes":""},"categories":[38],"tags":[],"class_list":{"0":"post-33448","1":"post","2":"type-post","3":"status-publish","4":"format-standard","5":"has-post-thumbnail","7":"category-municipios"},"_links":{"self":[{"href":"https:\/\/senoticias.com.br\/se\/wp-json\/wp\/v2\/posts\/33448"}],"collection":[{"href":"https:\/\/senoticias.com.br\/se\/wp-json\/wp\/v2\/posts"}],"about":[{"href":"https:\/\/senoticias.com.br\/se\/wp-json\/wp\/v2\/types\/post"}],"author":[{"embeddable":true,"href":"https:\/\/senoticias.com.br\/se\/wp-json\/wp\/v2\/users\/3"}],"replies":[{"embeddable":true,"href":"https:\/\/senoticias.com.br\/se\/wp-json\/wp\/v2\/comments?post=33448"}],"version-history":[{"count":0,"href":"https:\/\/senoticias.com.br\/se\/wp-json\/wp\/v2\/posts\/33448\/revisions"}],"wp:featuredmedia":[{"embeddable":true,"href":"https:\/\/senoticias.com.br\/se\/wp-json\/wp\/v2\/media\/4349"}],"wp:attachment":[{"href":"https:\/\/senoticias.com.br\/se\/wp-json\/wp\/v2\/media?parent=33448"}],"wp:term":[{"taxonomy":"category","embeddable":true,"href":"https:\/\/senoticias.com.br\/se\/wp-json\/wp\/v2\/categories?post=33448"},{"taxonomy":"post_tag","embeddable":true,"href":"https:\/\/senoticias.com.br\/se\/wp-json\/wp\/v2\/tags?post=33448"}],"curies":[{"name":"wp","href":"https:\/\/api.w.org\/{rel}","templated":true}]}}