{"id":33440,"date":"2012-05-29T13:54:09","date_gmt":"2012-05-29T16:54:09","guid":{"rendered":"http:\/\/senoticias.com.br\/se\/?p=33440"},"modified":"2012-05-29T13:55:08","modified_gmt":"2012-05-29T16:55:08","slug":"apos-recomendacao-do-mpfse-governo-criara-programa-estadual-de-protecao-a-testemunhas","status":"publish","type":"post","link":"https:\/\/senoticias.com.br\/se\/apos-recomendacao-do-mpfse-governo-criara-programa-estadual-de-protecao-a-testemunhas\/","title":{"rendered":"Ap\u00f3s recomenda\u00e7\u00e3o do MPF\/SE, Governo criar\u00e1 programa estadual de prote\u00e7\u00e3o a testemunhas"},"content":{"rendered":"<p><strong>Objetivo \u00e9 conceder prote\u00e7\u00e3o a v\u00edtimas e testemunhas de crimes que estejam sendo amea\u00e7adas. Sergipe \u00e9 um dos oito Estados que ainda n\u00e3o tem o servi\u00e7o.<\/strong><\/p>\n<p style=\"text-align: justify;\"><a href=\"http:\/\/senoticias.com.br\/se\/wp-content\/uploads\/2012\/03\/MPF-SE.jpg\"><img loading=\"lazy\" decoding=\"async\" class=\"alignleft size-thumbnail wp-image-27181\" title=\"MPF-SE\" src=\"http:\/\/senoticias.com.br\/se\/wp-content\/uploads\/2012\/03\/MPF-SE-150x150.jpg\" alt=\"\" width=\"150\" height=\"150\" srcset=\"https:\/\/senoticias.com.br\/se\/wp-content\/uploads\/2012\/03\/MPF-SE-150x150.jpg 150w, https:\/\/senoticias.com.br\/se\/wp-content\/uploads\/2012\/03\/MPF-SE-50x50.jpg 50w, https:\/\/senoticias.com.br\/se\/wp-content\/uploads\/2012\/03\/MPF-SE-70x70.jpg 70w, https:\/\/senoticias.com.br\/se\/wp-content\/uploads\/2012\/03\/MPF-SE-55x55.jpg 55w\" sizes=\"(max-width: 150px) 100vw, 150px\" \/><\/a>O Governo do Estado de Sergipe acatou a recomenda\u00e7\u00e3o da Procuradoria Regional dos Direitos do Cidad\u00e3o (PRDC) do Minist\u00e9rio P\u00fablico Federal em Sergipe (MPF\/SE), para que seja criado o Programa de Assist\u00eancia a V\u00edtimas e Testemunhas Amea\u00e7adas em Sergipe (Provita\/SE).<\/p>\n<p style=\"text-align: justify;\">O programa teria o objetivo de conceder prote\u00e7\u00e3o a v\u00edtimas e testemunhas de crimes que estejam sendo coagidas ou expostas \u00e0 grande amea\u00e7a em raz\u00e3o de colaborarem com investiga\u00e7\u00e3o ou processo criminal. O Provita j\u00e1 existe em 18 Estados, sendo Sergipe um dos oito Estados que ainda n\u00e3o implantou o programa.<\/p>\n<p style=\"text-align: justify;\">De acordo com o procurador regional dos direitos do cidad\u00e3o, Pablo Coutinho Barreto, em reuni\u00e3o entre o MPF e as secretarias estaduais de Direitos Humanos e Cidadania, Seguran\u00e7a P\u00fablica e da Casa Civil, foi decidido que um grupo de trabalho ser\u00e1 criado no Governo do Estado para gerir a implanta\u00e7\u00e3o do Provita.<\/p>\n<p style=\"text-align: justify;\">O prazo para implanta\u00e7\u00e3o do grupo \u00e9 de 15 dias e, em at\u00e9 60 dias, o Governo do Estado deve enviar ao MPF\/SE um cronograma com as medidas concretas a serem adotadas para a cria\u00e7\u00e3o do programa.<\/p>\n<p style=\"text-align: justify;\"><span style=\"color: #333333;\"><em><strong>Assessoria de Comunica\u00e7\u00e3o<\/strong><\/em><\/span><br \/>\n<span style=\"color: #333333;\"><em><strong>Minist\u00e9rio P\u00fablico Federal em Sergipe<\/strong><\/em><\/span><\/p>\n","protected":false},"excerpt":{"rendered":"<p>Objetivo \u00e9 conceder prote\u00e7\u00e3o a v\u00edtimas e testemunhas de crimes que estejam sendo amea\u00e7adas. Sergipe \u00e9 um dos oito Estados que ainda n\u00e3o tem o servi\u00e7o. O Governo do Estado de Sergipe acatou a recomenda\u00e7\u00e3o da Procuradoria Regional dos Direitos do Cidad\u00e3o (PRDC) do Minist\u00e9rio P\u00fablico Federal em Sergipe (MPF\/SE), para que seja criado o [&hellip;]<\/p>\n","protected":false},"author":3,"featured_media":27181,"comment_status":"closed","ping_status":"closed","sticky":false,"template":"","format":"standard","meta":{"footnotes":""},"categories":[7],"tags":[],"class_list":{"0":"post-33440","1":"post","2":"type-post","3":"status-publish","4":"format-standard","5":"has-post-thumbnail","7":"category-policia"},"_links":{"self":[{"href":"https:\/\/senoticias.com.br\/se\/wp-json\/wp\/v2\/posts\/33440"}],"collection":[{"href":"https:\/\/senoticias.com.br\/se\/wp-json\/wp\/v2\/posts"}],"about":[{"href":"https:\/\/senoticias.com.br\/se\/wp-json\/wp\/v2\/types\/post"}],"author":[{"embeddable":true,"href":"https:\/\/senoticias.com.br\/se\/wp-json\/wp\/v2\/users\/3"}],"replies":[{"embeddable":true,"href":"https:\/\/senoticias.com.br\/se\/wp-json\/wp\/v2\/comments?post=33440"}],"version-history":[{"count":0,"href":"https:\/\/senoticias.com.br\/se\/wp-json\/wp\/v2\/posts\/33440\/revisions"}],"wp:featuredmedia":[{"embeddable":true,"href":"https:\/\/senoticias.com.br\/se\/wp-json\/wp\/v2\/media\/27181"}],"wp:attachment":[{"href":"https:\/\/senoticias.com.br\/se\/wp-json\/wp\/v2\/media?parent=33440"}],"wp:term":[{"taxonomy":"category","embeddable":true,"href":"https:\/\/senoticias.com.br\/se\/wp-json\/wp\/v2\/categories?post=33440"},{"taxonomy":"post_tag","embeddable":true,"href":"https:\/\/senoticias.com.br\/se\/wp-json\/wp\/v2\/tags?post=33440"}],"curies":[{"name":"wp","href":"https:\/\/api.w.org\/{rel}","templated":true}]}}