{"id":33433,"date":"2012-05-29T09:04:05","date_gmt":"2012-05-29T12:04:05","guid":{"rendered":"http:\/\/senoticias.com.br\/se\/?p=33433"},"modified":"2012-05-29T09:05:34","modified_gmt":"2012-05-29T12:05:34","slug":"33433","status":"publish","type":"post","link":"https:\/\/senoticias.com.br\/se\/33433\/","title":{"rendered":"Comerciantes se re\u00fanem com Pol\u00edcia para discutir melhorias no Grande Rosa Elze"},"content":{"rendered":"<div id=\"attachment_2049\" style=\"width: 258px\" class=\"wp-caption alignleft\"><a href=\"http:\/\/senoticias.com.br\/se\/wp-content\/uploads\/2011\/02\/Revolver.jpg\"><img loading=\"lazy\" decoding=\"async\" aria-describedby=\"caption-attachment-2049\" class=\"size-full wp-image-2049\" title=\"Revolver\" src=\"http:\/\/senoticias.com.br\/se\/wp-content\/uploads\/2011\/02\/Revolver.jpg\" alt=\"Foto Ilustrativa\" width=\"248\" height=\"203\" \/><\/a><p id=\"caption-attachment-2049\" class=\"wp-caption-text\">Foto Ilustrativa<\/p><\/div>\n<p style=\"text-align: justify;\">Ap\u00f3s uma onda de assalto na regi\u00e3o do Grande Rosa Elze os comerciantes do bairro Rosa Elze se re\u00fanem nesta ter\u00e7a-feira (29) com a Pol\u00edcia Civil e Militar, atrav\u00e9s do Conselho Comunit\u00e1rio de Seguran\u00e7a, para discutir maneiras de refor\u00e7ar a seguran\u00e7a no local.<\/p>\n<p style=\"text-align: justify;\">\u201cTem uma onda de crimes acontecendo nesta regi\u00e3o e os lojistas est\u00e3o em clima de inseguran\u00e7a, por isso vamos organizar a reuni\u00e3o em conjunto com a pol\u00edcia e a comunidade para resolvermos esta quest\u00e3o\u201d, contou o comerciante Junior da Base.<\/p>\n<p style=\"text-align: justify;\">A reuni\u00e3o vai acontecer no Sal\u00e3o da Par\u00f3quia Senhor do Bomfim, bairro Rosa Elze.<\/p>\n<p>Servi\u00e7o:<\/p>\n<p>O qu\u00ea: Reuni\u00e3o com comerciantes do Grande Rosa Elze.<\/p>\n<p>Quando: Ter\u00e7a-feira, 29, a partir das 20h<\/p>\n<p>Onde: Travessa Senhor do Bomfim, bairro Rosa Elze<\/p>\n","protected":false},"excerpt":{"rendered":"<p>Ap\u00f3s uma onda de assalto na regi\u00e3o do Grande Rosa Elze os comerciantes do bairro Rosa Elze se re\u00fanem nesta ter\u00e7a-feira (29) com a Pol\u00edcia Civil e Militar, atrav\u00e9s do Conselho Comunit\u00e1rio de Seguran\u00e7a, para discutir maneiras de refor\u00e7ar a seguran\u00e7a no local. \u201cTem uma onda de crimes acontecendo nesta regi\u00e3o e os lojistas est\u00e3o [&hellip;]<\/p>\n","protected":false},"author":3,"featured_media":2049,"comment_status":"closed","ping_status":"closed","sticky":false,"template":"","format":"standard","meta":{"footnotes":""},"categories":[7],"tags":[],"class_list":{"0":"post-33433","1":"post","2":"type-post","3":"status-publish","4":"format-standard","5":"has-post-thumbnail","7":"category-policia"},"_links":{"self":[{"href":"https:\/\/senoticias.com.br\/se\/wp-json\/wp\/v2\/posts\/33433"}],"collection":[{"href":"https:\/\/senoticias.com.br\/se\/wp-json\/wp\/v2\/posts"}],"about":[{"href":"https:\/\/senoticias.com.br\/se\/wp-json\/wp\/v2\/types\/post"}],"author":[{"embeddable":true,"href":"https:\/\/senoticias.com.br\/se\/wp-json\/wp\/v2\/users\/3"}],"replies":[{"embeddable":true,"href":"https:\/\/senoticias.com.br\/se\/wp-json\/wp\/v2\/comments?post=33433"}],"version-history":[{"count":0,"href":"https:\/\/senoticias.com.br\/se\/wp-json\/wp\/v2\/posts\/33433\/revisions"}],"wp:featuredmedia":[{"embeddable":true,"href":"https:\/\/senoticias.com.br\/se\/wp-json\/wp\/v2\/media\/2049"}],"wp:attachment":[{"href":"https:\/\/senoticias.com.br\/se\/wp-json\/wp\/v2\/media?parent=33433"}],"wp:term":[{"taxonomy":"category","embeddable":true,"href":"https:\/\/senoticias.com.br\/se\/wp-json\/wp\/v2\/categories?post=33433"},{"taxonomy":"post_tag","embeddable":true,"href":"https:\/\/senoticias.com.br\/se\/wp-json\/wp\/v2\/tags?post=33433"}],"curies":[{"name":"wp","href":"https:\/\/api.w.org\/{rel}","templated":true}]}}