{"id":33426,"date":"2012-05-29T19:00:06","date_gmt":"2012-05-29T22:00:06","guid":{"rendered":"http:\/\/senoticias.com.br\/se\/?p=33426"},"modified":"2012-05-30T20:12:22","modified_gmt":"2012-05-30T23:12:22","slug":"governo-inaugura-rodovia-em-n-sra-das-dores","status":"publish","type":"post","link":"https:\/\/senoticias.com.br\/se\/governo-inaugura-rodovia-em-n-sra-das-dores\/","title":{"rendered":"Governador entrega rodovia entre os munic\u00edpios de Capela e Nossa Senhora das Dores"},"content":{"rendered":"<div id=\"attachment_33485\" style=\"width: 310px\" class=\"wp-caption alignleft\"><a href=\"http:\/\/senoticias.com.br\/se\/wp-content\/uploads\/2012\/05\/MR02948.jpg\"><img loading=\"lazy\" decoding=\"async\" aria-describedby=\"caption-attachment-33485\" class=\"size-medium wp-image-33485\" title=\"_MR02948\" src=\"http:\/\/senoticias.com.br\/se\/wp-content\/uploads\/2012\/05\/MR02948-300x198.jpg\" alt=\"\" width=\"300\" height=\"198\" srcset=\"https:\/\/senoticias.com.br\/se\/wp-content\/uploads\/2012\/05\/MR02948-300x198.jpg 300w, https:\/\/senoticias.com.br\/se\/wp-content\/uploads\/2012\/05\/MR02948-342x226.jpg 342w, https:\/\/senoticias.com.br\/se\/wp-content\/uploads\/2012\/05\/MR02948.jpg 600w\" sizes=\"(max-width: 300px) 100vw, 300px\" \/><\/a><p id=\"caption-attachment-33485\" class=\"wp-caption-text\">Governador entrega rodovia entre os munic\u00edpios de Capela e Nossa Senhora das Dores \/ Foto: Marcos Rodrigues\/ASN<\/p><\/div>\n<p style=\"text-align: justify;\">Uma nova via de acesso entre os munic\u00edpios de Capela e Nossa Senhora das Dores que permitir\u00e1, al\u00e9m do escoamento da produ\u00e7\u00e3o agr\u00edcola e sucroalcooleira da regi\u00e3o, o deslocamento com mais comodidade e seguran\u00e7a para todas as comunidades adjacentes. Essa ser\u00e1 a principal utiliza\u00e7\u00e3o da nova via que o governador Marcelo D\u00e9da entrega no final da tarde desta ter\u00e7a-feira, 29, beneficiando os moradores dos dois munic\u00edpios e de toda a regi\u00e3o, e que homenageia o empres\u00e1rio Fernando Luiz de Mello Barretto Filho, falecido em 2005.<\/p>\n<p style=\"text-align: justify;\">\u201cEssa rodovia vai viabilizar n\u00e3o s\u00f3 o escoamento de uma das principais usinas de etanol de Sergipe, como tamb\u00e9m oferecer\u00e1 um contributo para todos os moradores da regi\u00e3o. \u00c9 o Governo do Estado dando apoio a um empreendimento que gera tr\u00eas mil empregos, onde, h\u00e1 tempos, s\u00f3 havia pastos degradados\u201d, afirmou o governador.<\/p>\n<p style=\"text-align: justify;\">A nova rodovia parte do entroncamento com a SE-339, em Nossa Senhora das Dores (a sete quil\u00f4metros da sede do munic\u00edpio de Capela), at\u00e9 a Usina Campo Lindo, pr\u00f3ximo ao povoado Floresta.<\/p>\n<p style=\"text-align: justify;\">Com extens\u00e3o de dois quil\u00f4metros em pavimenta\u00e7\u00e3o asf\u00e1ltica, tendo oito metros de largura (sendo 6,00 m de pista de rolamento e 2,00 m de acostamento), a nova via \u00e9 fruto de um investimento de R$ 868 mil em recursos pr\u00f3prios do Governo do Estado e atende a uma antiga reivindica\u00e7\u00e3o dos moradores e produtores da regi\u00e3o.<\/p>\n<p style=\"text-align: justify;\"><strong>Homenageado<\/strong><\/p>\n<p style=\"text-align: justify;\">Fernando Luiz de Mello Barretto Filho foi um empres\u00e1rio, descendente de uma fam\u00edlia do setor sucroalcooleiro da regi\u00e3o de Capela (Usina Santa Clara). Devotado ao setor, desenvolveu o cultivo de cana de a\u00e7\u00facar mesmo quando esta atravessava seus momentos mais dif\u00edceis. Bem relacionado com os demais produtores da regi\u00e3o, sempre fomentou a atividade e incentivou os produtores do estado de Sergipe ao plantio da cana.<\/p>\n<p style=\"text-align: justify;\">Faleceu em 05\/06\/2005, aos 49 anos, deixando esposa, Silvana Maynard Garcez Barretto, e os filhos Renato Garcez Barretto, Fernando Garcez Barretto e Luciana Garcez Barretto Teixeira.<\/p>\n<p style=\"text-align: justify;\"><span style=\"color: #666699;\"><em><strong>Ag\u00eancia Sergipe de Not\u00edcias<\/strong><\/em><\/span><\/p>\n","protected":false},"excerpt":{"rendered":"<p>Uma nova via de acesso entre os munic\u00edpios de Capela e Nossa Senhora das Dores que permitir\u00e1, al\u00e9m do escoamento da produ\u00e7\u00e3o agr\u00edcola e sucroalcooleira da regi\u00e3o, o deslocamento com mais comodidade e seguran\u00e7a para todas as comunidades adjacentes. Essa ser\u00e1 a principal utiliza\u00e7\u00e3o da nova via que o governador Marcelo D\u00e9da entrega no final [&hellip;]<\/p>\n","protected":false},"author":3,"featured_media":33485,"comment_status":"closed","ping_status":"closed","sticky":false,"template":"","format":"standard","meta":{"footnotes":""},"categories":[6],"tags":[],"class_list":{"0":"post-33426","1":"post","2":"type-post","3":"status-publish","4":"format-standard","5":"has-post-thumbnail","7":"category-politica"},"_links":{"self":[{"href":"https:\/\/senoticias.com.br\/se\/wp-json\/wp\/v2\/posts\/33426"}],"collection":[{"href":"https:\/\/senoticias.com.br\/se\/wp-json\/wp\/v2\/posts"}],"about":[{"href":"https:\/\/senoticias.com.br\/se\/wp-json\/wp\/v2\/types\/post"}],"author":[{"embeddable":true,"href":"https:\/\/senoticias.com.br\/se\/wp-json\/wp\/v2\/users\/3"}],"replies":[{"embeddable":true,"href":"https:\/\/senoticias.com.br\/se\/wp-json\/wp\/v2\/comments?post=33426"}],"version-history":[{"count":0,"href":"https:\/\/senoticias.com.br\/se\/wp-json\/wp\/v2\/posts\/33426\/revisions"}],"wp:featuredmedia":[{"embeddable":true,"href":"https:\/\/senoticias.com.br\/se\/wp-json\/wp\/v2\/media\/33485"}],"wp:attachment":[{"href":"https:\/\/senoticias.com.br\/se\/wp-json\/wp\/v2\/media?parent=33426"}],"wp:term":[{"taxonomy":"category","embeddable":true,"href":"https:\/\/senoticias.com.br\/se\/wp-json\/wp\/v2\/categories?post=33426"},{"taxonomy":"post_tag","embeddable":true,"href":"https:\/\/senoticias.com.br\/se\/wp-json\/wp\/v2\/tags?post=33426"}],"curies":[{"name":"wp","href":"https:\/\/api.w.org\/{rel}","templated":true}]}}