{"id":33419,"date":"2012-05-29T06:21:35","date_gmt":"2012-05-29T09:21:35","guid":{"rendered":"http:\/\/senoticias.com.br\/se\/?p=33419"},"modified":"2012-05-29T06:24:41","modified_gmt":"2012-05-29T09:24:41","slug":"deputada-ana-lucia-diz-%e2%80%9cnem-hitler-enfrentou-os-educadores-do-jeito-que-o-nosso-governo-esta-enfrentando%e2%80%9d","status":"publish","type":"post","link":"https:\/\/senoticias.com.br\/se\/deputada-ana-lucia-diz-%e2%80%9cnem-hitler-enfrentou-os-educadores-do-jeito-que-o-nosso-governo-esta-enfrentando%e2%80%9d\/","title":{"rendered":"\u201cNem Hitler enfrentou os educadores do jeito que o nosso governo est\u00e1 enfrentando\u201d, diz deputada"},"content":{"rendered":"<div id=\"attachment_33420\" style=\"width: 285px\" class=\"wp-caption alignleft\"><a href=\"http:\/\/senoticias.com.br\/se\/wp-content\/uploads\/2012\/05\/Ana-L%C3%BAcia.jpg\"><img loading=\"lazy\" decoding=\"async\" aria-describedby=\"caption-attachment-33420\" class=\"size-full wp-image-33420\" title=\"Ana L\u00facia\" src=\"http:\/\/senoticias.com.br\/se\/wp-content\/uploads\/2012\/05\/Ana-L%C3%BAcia.jpg\" alt=\"\" width=\"275\" height=\"183\" \/><\/a><p id=\"caption-attachment-33420\" class=\"wp-caption-text\">Ana L\u00facia comparou as atitudes do governador com o l\u00edder fascista Adolf Hitler. (Reprodu\u00e7\u00e3o)<\/p><\/div>\n<p style=\"text-align: justify;\">O programa Jornal da Tarde, desta Segunda feira, 28, abriu espa\u00e7o para explica\u00e7\u00f5es, d\u00favidas e cr\u00edticas sobre a greve dos professores da rede estadual de ensino que j\u00e1 dura mais de 40 dias. Hoje pela manh\u00e3 os professores se retiraram do pr\u00e9dio da Secretaria de Estado de Planejamento, Or\u00e7amento e Gest\u00e3o, Seplag, mediante ordem judicial. Participaram do programa o presidente da CUT, professor Dudu, por telefone a deputada estadual e professora Ana L\u00facia, que apesar de ser companheira de partido, fez duras cr\u00edticas ao governador do estado Marcelo Deda e o integrante da dire\u00e7\u00e3o do Sindicato dos Trabalhadores em Educa\u00e7\u00e3o de Sergipe, Sintese, Joel Almeida. Todos s\u00e3o un\u00e2nimes em dizer que o tratamento do governador feriu a categoria porque segundo Joel Almeida, Deda estaria colocando a sociedade contra os professores. Questionado por Paulo Sousa, apresentador do Jornal da Tarde, qual o motivo de o governador dizer para o sindicato entrar na justi\u00e7a, Joel respondeu que esta \u00e9 uma forma que Marcelo Deda vem adotando desde o in\u00edcio do seu governo. \u201cO governador adotou uma t\u00e1tica desde o come\u00e7o, de ir aos meios de comunica\u00e7\u00e3o atacar os trabalhadores, isso \u00e9 uma coisa nova. Por que isso d\u00f3i pros professores? Porque o governador Marcelo Deda teve a vota\u00e7\u00e3o dos professores na sua maioria. A lei do reajuste de 22,22% foi julgada constitucional no Supremo Tribunal Federal, STF, e agora pra cumprir a gente vai ter que entrar no STF para que se valha?\u201d, questionou o dirigente.<\/p>\n<p style=\"text-align: justify;\">J\u00e1 a deputada Ana L\u00facia comparou as atitudes do governador com o l\u00edder fascista Adolf Hitler. \u201cO companheiro Marcelo Deda tratar os educadores dessa forma, educadores que sempre acreditaram nele? Com clareza n\u00f3s sabemos que o programa do partido n\u00e3o vai ser implementado num governo de coaliz\u00e3o. O programa \u00e9 norteador do comportamento dos petistas, um partido que vem e nasce da classe trabalhadora. Ele tem que ter um comportamento de estadista, nem Hitler, um nato fascista, enfrentou os educadores do jeito que o nosso governo est\u00e1 enfrentando. Eu quero lembrar ao companheiro Marcelo Deda que o \u00fanico governo que botou pol\u00edcia contra os professores foi o governo de Valadares no processo de transi\u00e7\u00e3o da ditadura civil e militar. O problema n\u00e3o \u00e9 na justi\u00e7a, \u00e9 executivo\u201d, criticou a deputada.<\/p>\n<p style=\"text-align: justify;\">Nos est\u00fadios, o presidente da CUT, professor Dudu refor\u00e7ou as cr\u00edticas ao governo e deixou no ar uma den\u00fancia de que o governador estaria se beneficiando de familiares para enfrentar a classe. \u201cEdson Ulisses \u00e9 cunhado do governador, ent\u00e3o no sorteio pra julgar o pedido de legalidade da greve caiu pra ele. Ele foi l\u00e1 e votou contra a greve. Coincidentemente o pedido pra desocupar a Seplag caiu pra ele, ele mandou de imediato desocupar, s\u00f3 n\u00e3o desocupamos porque teve uma negocia\u00e7\u00e3o. Outro pedido j\u00e1 caiu na m\u00e3o de Cl\u00e1udio Deda, irm\u00e3o do governador. A gente achou suspeita essa quest\u00e3o da vincula\u00e7\u00e3o pol\u00edtica\u201d, afirmou o presidente.<\/p>\n<p style=\"text-align: justify;\">O programa Jornal da Tarde entrou em contato com Secret\u00e1rio de Educa\u00e7\u00e3o Chico Buchinho para colocar o lado do governo do estado, por\u00e9m ele marcou com nossa equipe e n\u00e3o compareceu.<\/p>\n<p style=\"text-align: justify;\">O programa Jornal da Tarde \u00e9 transmitido pela r\u00e1dio Ilha FM de Segunda a Sexta feira das 17h \u00e0s 19h com apresenta\u00e7\u00e3o de Paulo Sousa.<\/p>\n<p style=\"text-align: justify;\"><span style=\"color: #333333;\"><em><strong><br \/>\nMariana Ventura, estagi\u00e1ria de Jornalismo. Com informa\u00e7\u00f5es do Jornal da Tarde\u00a0Jornal da Tarde<br \/>\n<\/strong><\/em><\/span><\/p>\n","protected":false},"excerpt":{"rendered":"<p>O programa Jornal da Tarde, desta Segunda feira, 28, abriu espa\u00e7o para explica\u00e7\u00f5es, d\u00favidas e cr\u00edticas sobre a greve dos professores da rede estadual de ensino que j\u00e1 dura mais de 40 dias. Hoje pela manh\u00e3 os professores se retiraram do pr\u00e9dio da Secretaria de Estado de Planejamento, Or\u00e7amento e Gest\u00e3o, Seplag, mediante ordem judicial. [&hellip;]<\/p>\n","protected":false},"author":3,"featured_media":33420,"comment_status":"closed","ping_status":"closed","sticky":false,"template":"","format":"standard","meta":{"footnotes":""},"categories":[6],"tags":[],"class_list":{"0":"post-33419","1":"post","2":"type-post","3":"status-publish","4":"format-standard","5":"has-post-thumbnail","7":"category-politica"},"_links":{"self":[{"href":"https:\/\/senoticias.com.br\/se\/wp-json\/wp\/v2\/posts\/33419"}],"collection":[{"href":"https:\/\/senoticias.com.br\/se\/wp-json\/wp\/v2\/posts"}],"about":[{"href":"https:\/\/senoticias.com.br\/se\/wp-json\/wp\/v2\/types\/post"}],"author":[{"embeddable":true,"href":"https:\/\/senoticias.com.br\/se\/wp-json\/wp\/v2\/users\/3"}],"replies":[{"embeddable":true,"href":"https:\/\/senoticias.com.br\/se\/wp-json\/wp\/v2\/comments?post=33419"}],"version-history":[{"count":0,"href":"https:\/\/senoticias.com.br\/se\/wp-json\/wp\/v2\/posts\/33419\/revisions"}],"wp:featuredmedia":[{"embeddable":true,"href":"https:\/\/senoticias.com.br\/se\/wp-json\/wp\/v2\/media\/33420"}],"wp:attachment":[{"href":"https:\/\/senoticias.com.br\/se\/wp-json\/wp\/v2\/media?parent=33419"}],"wp:term":[{"taxonomy":"category","embeddable":true,"href":"https:\/\/senoticias.com.br\/se\/wp-json\/wp\/v2\/categories?post=33419"},{"taxonomy":"post_tag","embeddable":true,"href":"https:\/\/senoticias.com.br\/se\/wp-json\/wp\/v2\/tags?post=33419"}],"curies":[{"name":"wp","href":"https:\/\/api.w.org\/{rel}","templated":true}]}}