{"id":33413,"date":"2012-05-29T05:25:26","date_gmt":"2012-05-29T08:25:26","guid":{"rendered":"http:\/\/senoticias.com.br\/se\/?p=33413"},"modified":"2012-05-29T05:38:47","modified_gmt":"2012-05-29T08:38:47","slug":"mulher-vai-pagar-indenizacao-porque-traiu-o-marido","status":"publish","type":"post","link":"https:\/\/senoticias.com.br\/se\/mulher-vai-pagar-indenizacao-porque-traiu-o-marido\/","title":{"rendered":"Mulher vai pagar indeniza\u00e7\u00e3o porque traiu o marido"},"content":{"rendered":"<p style=\"text-align: justify;\"><a href=\"http:\/\/senoticias.com.br\/se\/wp-content\/uploads\/2012\/05\/22074_ext_arquivo.jpg\"><img loading=\"lazy\" decoding=\"async\" class=\"alignleft size-full wp-image-33416\" title=\"Condenado\" src=\"http:\/\/senoticias.com.br\/se\/wp-content\/uploads\/2012\/05\/22074_ext_arquivo.jpg\" alt=\"\" width=\"290\" height=\"200\" \/><\/a>Uma mulher de Nanuque (603 km de Belo Horizonte) foi condenada a pagar R$ 8.000 de indeniza\u00e7\u00e3o ao ex-marido por t\u00ea-lo tra\u00eddo.<\/p>\n<p style=\"text-align: justify;\">A decis\u00e3o, divulgada nesta segunda-feira, \u00e9 da 10\u00aa C\u00e2mara C\u00edvel do Tribunal de Justi\u00e7a de Minas Gerais, que julgou recurso do processo e aumentou o valor da indeniza\u00e7\u00e3o fixada pela primeira inst\u00e2ncia em R$ 5.000.<\/p>\n<p style=\"text-align: justify;\">Segundo o TJ, al\u00e9m de trair publicamente o companheiro, a mulher ainda fez coment\u00e1rios negativos sobre seu desempenho sexual, inclusive para colegas de trabalho.<\/p>\n<p style=\"text-align: justify;\">No processo, o homem alega que conviveu com a mulher, que conheceu na empresa onde trabalhava, por cerca de dez anos. Ele chegou a assumir dois filhos de outro relacionamento dela.<\/p>\n<p style=\"text-align: justify;\">Ele contou que, no fim de 2007, a mulher passou a tra\u00ed-lo com um instrutor de autoescola. Al\u00e9m disso, ela contava sobre o relacionamento para colegas de trabalho, inclusive para quem n\u00e3o tinham intimidade com o casal. Ele alega que &#8220;foi o \u00faltimo a saber.&#8221;<\/p>\n<p style=\"text-align: justify;\">A ju\u00edza Patr\u00edcia Bitencourt Moreira, da 2\u00aa Vara de Nanuque, condenou a mulher ao pagamento de indeniza\u00e7\u00e3o por danos morais no valor de R$ 5.000.<\/p>\n<p style=\"text-align: justify;\">A ju\u00edza concluiu que o autor da a\u00e7\u00e3o foi lesado em sua honra pela conduta il\u00edcita da servente, &#8220;conduta essa que n\u00e3o se limitou \u00e0 trai\u00e7\u00e3o p\u00fablica, mas consistiu especialmente em coment\u00e1rios p\u00fablicos absolutamente depreciativos da imagem do autor que naturalmente lhe causaram ineg\u00e1vel dor e constrangimento.&#8221;<\/p>\n<p style=\"text-align: justify;\">As duas partes recorreram ao Tribunal de Justi\u00e7a. O ex-companheiro pediu o aumento do valor da indeniza\u00e7\u00e3o, enquanto a mulher alegou que n\u00e3o havia danos morais, mas &#8220;meros dissabores&#8221;.<\/p>\n<p style=\"text-align: justify;\">Para o desembargador Gutemberg da Mota e Silva, o autor &#8220;sofreu ineg\u00e1veis danos morais decorrentes da conduta extremamente desrespeitosa da servente, que traiu seu companheiro, expondo-o a situa\u00e7\u00e3o humilhante e vexat\u00f3ria, por meio de coment\u00e1rios negativos sobre ele, fato este que certamente lhe causou ang\u00fastia, decep\u00e7\u00e3o, sofrimento e constrangimento.&#8221;<\/p>\n<p><a href=\"  http:\/\/www1.folha.uol.com.br\/cotidiano\/1096885-mulher-e-condenada-a-indenizar-ex-por-traicao-em-mg.shtml\" target=\"_blank\">Folha Online<\/a><\/p>\n","protected":false},"excerpt":{"rendered":"<p>Uma mulher de Nanuque (603 km de Belo Horizonte) foi condenada a pagar R$ 8.000 de indeniza\u00e7\u00e3o ao ex-marido por t\u00ea-lo tra\u00eddo. A decis\u00e3o, divulgada nesta segunda-feira, \u00e9 da 10\u00aa C\u00e2mara C\u00edvel do Tribunal de Justi\u00e7a de Minas Gerais, que julgou recurso do processo e aumentou o valor da indeniza\u00e7\u00e3o fixada pela primeira inst\u00e2ncia em [&hellip;]<\/p>\n","protected":false},"author":3,"featured_media":33416,"comment_status":"closed","ping_status":"closed","sticky":false,"template":"","format":"standard","meta":{"footnotes":""},"categories":[43],"tags":[],"class_list":{"0":"post-33413","1":"post","2":"type-post","3":"status-publish","4":"format-standard","5":"has-post-thumbnail","7":"category-voce-reporter"},"_links":{"self":[{"href":"https:\/\/senoticias.com.br\/se\/wp-json\/wp\/v2\/posts\/33413"}],"collection":[{"href":"https:\/\/senoticias.com.br\/se\/wp-json\/wp\/v2\/posts"}],"about":[{"href":"https:\/\/senoticias.com.br\/se\/wp-json\/wp\/v2\/types\/post"}],"author":[{"embeddable":true,"href":"https:\/\/senoticias.com.br\/se\/wp-json\/wp\/v2\/users\/3"}],"replies":[{"embeddable":true,"href":"https:\/\/senoticias.com.br\/se\/wp-json\/wp\/v2\/comments?post=33413"}],"version-history":[{"count":0,"href":"https:\/\/senoticias.com.br\/se\/wp-json\/wp\/v2\/posts\/33413\/revisions"}],"wp:featuredmedia":[{"embeddable":true,"href":"https:\/\/senoticias.com.br\/se\/wp-json\/wp\/v2\/media\/33416"}],"wp:attachment":[{"href":"https:\/\/senoticias.com.br\/se\/wp-json\/wp\/v2\/media?parent=33413"}],"wp:term":[{"taxonomy":"category","embeddable":true,"href":"https:\/\/senoticias.com.br\/se\/wp-json\/wp\/v2\/categories?post=33413"},{"taxonomy":"post_tag","embeddable":true,"href":"https:\/\/senoticias.com.br\/se\/wp-json\/wp\/v2\/tags?post=33413"}],"curies":[{"name":"wp","href":"https:\/\/api.w.org\/{rel}","templated":true}]}}