{"id":33407,"date":"2012-05-28T20:46:56","date_gmt":"2012-05-28T23:46:56","guid":{"rendered":"http:\/\/senoticias.com.br\/se\/?p=33407"},"modified":"2012-05-29T14:36:22","modified_gmt":"2012-05-29T17:36:22","slug":"ufs-divulgou-edital-para-o-vestibular-2012-nesta-segunda","status":"publish","type":"post","link":"https:\/\/senoticias.com.br\/se\/ufs-divulgou-edital-para-o-vestibular-2012-nesta-segunda\/","title":{"rendered":"UFS divulgou edital para o Vestibular 2013 nesta segunda"},"content":{"rendered":"<p><span style=\"color: #333333;\"><strong>Candidatos concorrer\u00e3o \u00e0s vagas utilizando a nota do Enem 2012<\/strong><\/span><\/p>\n<div id=\"attachment_3175\" style=\"width: 269px\" class=\"wp-caption alignleft\"><a href=\"http:\/\/senoticias.com.br\/se\/wp-content\/uploads\/2011\/03\/ufs.jpg\"><img loading=\"lazy\" decoding=\"async\" aria-describedby=\"caption-attachment-3175\" class=\"size-full wp-image-3175\" title=\"ufs\" src=\"http:\/\/senoticias.com.br\/se\/wp-content\/uploads\/2011\/03\/ufs.jpg\" alt=\"\" width=\"259\" height=\"194\" srcset=\"https:\/\/senoticias.com.br\/se\/wp-content\/uploads\/2011\/03\/ufs.jpg 259w, https:\/\/senoticias.com.br\/se\/wp-content\/uploads\/2011\/03\/ufs-60x45.jpg 60w, https:\/\/senoticias.com.br\/se\/wp-content\/uploads\/2011\/03\/ufs-150x113.jpg 150w\" sizes=\"(max-width: 259px) 100vw, 259px\" \/><\/a><p id=\"caption-attachment-3175\" class=\"wp-caption-text\">Candidatos concorrer\u00e3o \u00e0s vagas utilizando a nota do Enem 2012. (Foto: Reprodu\u00e7\u00e3o)<\/p><\/div>\n<p style=\"text-align: justify;\">A Universidade Federal de Sergipe divulgou hoje, 28 de maio, o edital para o Vestibular 2013 da institui\u00e7\u00e3o. A publica\u00e7\u00e3o ocorre no mesmo dia em que foram abertas as inscri\u00e7\u00f5es para o Exame Nacional do Ensino M\u00e9dio, j\u00e1 que o vestibular da UFS \u00e9 exclusivo para alunos que estiverem inscritos no Enem 2012.<\/p>\n<p style=\"text-align: justify;\">Enquanto as inscri\u00e7\u00f5es para o Enem seguem at\u00e9 o dia 15 junho, o Vestibular da UFS receber\u00e1 inscri\u00e7\u00f5es na modalidade presencial para os campi de Itabaiana, Lagarto, Laranjeiras e S\u00e3o Crist\u00f3v\u00e3o no per\u00edodo de 13 a 31 de agosto, somente via internet, pelo site <span style=\"color: #0000ff;\"><strong>www.ccv.ufs.br<\/strong><\/span>.<\/p>\n<p style=\"text-align: justify;\">Ao todo, ser\u00e3o disponibilizadas <strong>5.490 vagas em 106 op\u00e7\u00f5es de curso<\/strong>. A inscri\u00e7\u00e3o custa R$ 10 (dez reais).<\/p>\n<p style=\"text-align: justify;\">Os candidatos que pretendem concorrer \u00e0s vagas reservadas aos deficientes dever\u00e3o se apresentar na Divis\u00e3o de Assist\u00eancia ao Servidor (DIASE) para avalia\u00e7\u00e3o m\u00e9dica no per\u00edodo de 11 a 22 de junho.<\/p>\n<p style=\"text-align: justify;\">J\u00e1 os candidatos ao curso de M\u00fasica dever\u00e3o, al\u00e9m do Enem, prestar provas te\u00f3rico-pr\u00e1tica e pr\u00e1tica de conhecimentos espec\u00edficos entre 14 e 17 de outubro.<\/p>\n<p style=\"text-align: justify;\">Mais informa\u00e7\u00f5es na Coordena\u00e7\u00e3o de Concurso Vestibular pelos telefones:<strong> (79)2105-6978\/6879.<\/strong><\/p>\n<p style=\"text-align: justify;\"><span style=\"color: #666699;\"><em><strong>Ascom UFS<\/strong><\/em><\/span><\/p>\n","protected":false},"excerpt":{"rendered":"<p>Candidatos concorrer\u00e3o \u00e0s vagas utilizando a nota do Enem 2012 A Universidade Federal de Sergipe divulgou hoje, 28 de maio, o edital para o Vestibular 2013 da institui\u00e7\u00e3o. A publica\u00e7\u00e3o ocorre no mesmo dia em que foram abertas as inscri\u00e7\u00f5es para o Exame Nacional do Ensino M\u00e9dio, j\u00e1 que o vestibular da UFS \u00e9 exclusivo [&hellip;]<\/p>\n","protected":false},"author":3,"featured_media":3175,"comment_status":"closed","ping_status":"closed","sticky":false,"template":"","format":"standard","meta":{"footnotes":""},"categories":[44,26],"tags":[],"class_list":{"0":"post-33407","1":"post","2":"type-post","3":"status-publish","4":"format-standard","5":"has-post-thumbnail","7":"category-educacao","8":"category-esportes"},"_links":{"self":[{"href":"https:\/\/senoticias.com.br\/se\/wp-json\/wp\/v2\/posts\/33407"}],"collection":[{"href":"https:\/\/senoticias.com.br\/se\/wp-json\/wp\/v2\/posts"}],"about":[{"href":"https:\/\/senoticias.com.br\/se\/wp-json\/wp\/v2\/types\/post"}],"author":[{"embeddable":true,"href":"https:\/\/senoticias.com.br\/se\/wp-json\/wp\/v2\/users\/3"}],"replies":[{"embeddable":true,"href":"https:\/\/senoticias.com.br\/se\/wp-json\/wp\/v2\/comments?post=33407"}],"version-history":[{"count":0,"href":"https:\/\/senoticias.com.br\/se\/wp-json\/wp\/v2\/posts\/33407\/revisions"}],"wp:featuredmedia":[{"embeddable":true,"href":"https:\/\/senoticias.com.br\/se\/wp-json\/wp\/v2\/media\/3175"}],"wp:attachment":[{"href":"https:\/\/senoticias.com.br\/se\/wp-json\/wp\/v2\/media?parent=33407"}],"wp:term":[{"taxonomy":"category","embeddable":true,"href":"https:\/\/senoticias.com.br\/se\/wp-json\/wp\/v2\/categories?post=33407"},{"taxonomy":"post_tag","embeddable":true,"href":"https:\/\/senoticias.com.br\/se\/wp-json\/wp\/v2\/tags?post=33407"}],"curies":[{"name":"wp","href":"https:\/\/api.w.org\/{rel}","templated":true}]}}