{"id":33385,"date":"2012-05-28T18:19:00","date_gmt":"2012-05-28T21:19:00","guid":{"rendered":"http:\/\/senoticias.com.br\/se\/?p=33385"},"modified":"2012-05-29T22:38:54","modified_gmt":"2012-05-30T01:38:54","slug":"mpe-processa-andre-moura-e-helinho-por-propaganda-eleitoral-antecipada","status":"publish","type":"post","link":"https:\/\/senoticias.com.br\/se\/mpe-processa-andre-moura-e-helinho-por-propaganda-eleitoral-antecipada\/","title":{"rendered":"MPE processa Andr\u00e9 Moura e Helinho por propaganda eleitoral antecipada"},"content":{"rendered":"<p><span style=\"color: #333333;\"><strong>Eles fizeram discursos e distribu\u00edram camisas e cervejas durante o Carnaval<\/strong><\/span><\/p>\n<div id=\"attachment_15330\" style=\"width: 260px\" class=\"wp-caption alignleft\"><a href=\"http:\/\/senoticias.com.br\/se\/wp-content\/uploads\/2011\/10\/Andr%C3%A9-Moura.jpg\"><img loading=\"lazy\" decoding=\"async\" aria-describedby=\"caption-attachment-15330\" class=\"size-full wp-image-15330\" title=\"Andr\u00e9 Moura\" src=\"http:\/\/senoticias.com.br\/se\/wp-content\/uploads\/2011\/10\/Andr%C3%A9-Moura.jpg\" alt=\"\" width=\"250\" height=\"201\" \/><\/a><p id=\"caption-attachment-15330\" class=\"wp-caption-text\">MPE processa Andr\u00e9 Moura e Helinho por propaganda eleitoral antecipada. (Reprodu\u00e7\u00e3o)<\/p><\/div>\n<p style=\"text-align: justify;\">O Minist\u00e9rio P\u00fablico Eleitoral (MPE) moveu uma representa\u00e7\u00e3o contra o deputado federal Andr\u00e9 Luiz Dantas Ferreira, conhecido como Andr\u00e9 Moura, e o pr\u00e9-candidato a prefeito de Pirambu, \u00c9lio Jos\u00e9 Lima Martins, conhecido como Elinho. Eles s\u00e3o acusados de fazer propaganda eleitoral antecipada durante o Carnaval deste ano.<\/p>\n<p style=\"text-align: justify;\">De acordo com as provas, os acusados montaram um palco em Pirambu, em frente \u00e0 resid\u00eancia do conselheiro do Tribunal de Contas do Estado, Reinaldo Moura, fixaram faixa em mini-trio, distribu\u00edram camisas com conte\u00fado eleitoral e quatro mil latas de cerveja, al\u00e9m de terem realizado discurso promovendo a pr\u00e9-candidatura de Helinho.<\/p>\n<p style=\"text-align: justify;\">Al\u00e9m disso, durante as festividades do Carnaval, Andr\u00e9 Moura e Elinho fizeram caminhadas e visitas t\u00edpicas de campanha eleitoral. Inclusive, v\u00e1rias fotos foram divulgadas no site do deputado federal, <a href=\" http:\/\/www.andremourapsc.com.br\/\" target=\"_blank\"><strong><em>www.andremourapsc.com.br.<\/em><\/strong><\/a><\/p>\n<p>O promotor de Justi\u00e7a Eleitoral e autor da representa\u00e7\u00e3o, Paulo Jos\u00e9 Francisco Alves Filho, pediu que a Justi\u00e7a Eleitoral notifique os representados para apresentar respostas em 48 horas e que seja aplicada uma multa no valor m\u00e1ximo de 50 mil UFIR.<\/p>\n<p><span style=\"color: #333399;\"><em><strong>Assessoria de Comunica\u00e7\u00e3o<\/strong><\/em><\/span><br \/>\n<span style=\"color: #333399;\"><em><strong>Minist\u00e9rio P\u00fablico Federal em Sergipe<\/strong><\/em><\/span><\/p>\n","protected":false},"excerpt":{"rendered":"<p>Eles fizeram discursos e distribu\u00edram camisas e cervejas durante o Carnaval O Minist\u00e9rio P\u00fablico Eleitoral (MPE) moveu uma representa\u00e7\u00e3o contra o deputado federal Andr\u00e9 Luiz Dantas Ferreira, conhecido como Andr\u00e9 Moura, e o pr\u00e9-candidato a prefeito de Pirambu, \u00c9lio Jos\u00e9 Lima Martins, conhecido como Elinho. Eles s\u00e3o acusados de fazer propaganda eleitoral antecipada durante o [&hellip;]<\/p>\n","protected":false},"author":3,"featured_media":15330,"comment_status":"closed","ping_status":"closed","sticky":false,"template":"","format":"standard","meta":{"footnotes":""},"categories":[15,6],"tags":[],"class_list":{"0":"post-33385","1":"post","2":"type-post","3":"status-publish","4":"format-standard","5":"has-post-thumbnail","7":"category-destaques","8":"category-politica"},"_links":{"self":[{"href":"https:\/\/senoticias.com.br\/se\/wp-json\/wp\/v2\/posts\/33385"}],"collection":[{"href":"https:\/\/senoticias.com.br\/se\/wp-json\/wp\/v2\/posts"}],"about":[{"href":"https:\/\/senoticias.com.br\/se\/wp-json\/wp\/v2\/types\/post"}],"author":[{"embeddable":true,"href":"https:\/\/senoticias.com.br\/se\/wp-json\/wp\/v2\/users\/3"}],"replies":[{"embeddable":true,"href":"https:\/\/senoticias.com.br\/se\/wp-json\/wp\/v2\/comments?post=33385"}],"version-history":[{"count":0,"href":"https:\/\/senoticias.com.br\/se\/wp-json\/wp\/v2\/posts\/33385\/revisions"}],"wp:featuredmedia":[{"embeddable":true,"href":"https:\/\/senoticias.com.br\/se\/wp-json\/wp\/v2\/media\/15330"}],"wp:attachment":[{"href":"https:\/\/senoticias.com.br\/se\/wp-json\/wp\/v2\/media?parent=33385"}],"wp:term":[{"taxonomy":"category","embeddable":true,"href":"https:\/\/senoticias.com.br\/se\/wp-json\/wp\/v2\/categories?post=33385"},{"taxonomy":"post_tag","embeddable":true,"href":"https:\/\/senoticias.com.br\/se\/wp-json\/wp\/v2\/tags?post=33385"}],"curies":[{"name":"wp","href":"https:\/\/api.w.org\/{rel}","templated":true}]}}