{"id":33379,"date":"2012-05-28T16:46:10","date_gmt":"2012-05-28T19:46:10","guid":{"rendered":"http:\/\/senoticias.com.br\/se\/?p=33379"},"modified":"2012-05-28T16:47:38","modified_gmt":"2012-05-28T19:47:38","slug":"33379","status":"publish","type":"post","link":"https:\/\/senoticias.com.br\/se\/33379\/","title":{"rendered":"Professores desocupam pr\u00e9dio da SEPLAG"},"content":{"rendered":"<p>&nbsp;<\/p>\n<div id=\"attachment_33380\" style=\"width: 310px\" class=\"wp-caption alignleft\"><a href=\"http:\/\/senoticias.com.br\/se\/wp-content\/uploads\/2012\/05\/desocupacao2.jpg\"><img loading=\"lazy\" decoding=\"async\" aria-describedby=\"caption-attachment-33380\" class=\"size-medium wp-image-33380\" title=\"desocupacao2\" src=\"http:\/\/senoticias.com.br\/se\/wp-content\/uploads\/2012\/05\/desocupacao2-300x224.jpg\" alt=\"\" width=\"300\" height=\"224\" srcset=\"https:\/\/senoticias.com.br\/se\/wp-content\/uploads\/2012\/05\/desocupacao2-300x224.jpg 300w, https:\/\/senoticias.com.br\/se\/wp-content\/uploads\/2012\/05\/desocupacao2-60x45.jpg 60w, https:\/\/senoticias.com.br\/se\/wp-content\/uploads\/2012\/05\/desocupacao2-150x113.jpg 150w, https:\/\/senoticias.com.br\/se\/wp-content\/uploads\/2012\/05\/desocupacao2-269x201.jpg 269w, https:\/\/senoticias.com.br\/se\/wp-content\/uploads\/2012\/05\/desocupacao2.jpg 314w\" sizes=\"(max-width: 300px) 100vw, 300px\" \/><\/a><p id=\"caption-attachment-33380\" class=\"wp-caption-text\">Professores desocupam pr\u00e9dio da SEPLAG<\/p><\/div>\n<p style=\"text-align: justify;\">Os educadores da rede estadual desocuparam na manh\u00e3 desta segunda (28) o pr\u00e9dio da SEPLAG. A sa\u00edda se deu depois de mandado judicial de reintegra\u00e7\u00e3o de posse.<\/p>\n<p style=\"text-align: justify;\">O sindicato foi notificado no domingo (27), mas os professores deliberaram a sa\u00edda na manh\u00e3 da segunda-feira. \u201cSomos educadores, sabemos cumprir a lei e temos consci\u00eancia do nosso papel como educadores. Nossa luta \u00e9 justa, mas tamb\u00e9m sabemos que a desobedi\u00eancia civil \u00e9 um processo educativo\u201d, disse a presidenta do SINTESE, \u00c2ngela Maria de Melo.<\/p>\n<p style=\"text-align: justify;\">No discurso de desocupa\u00e7\u00e3o a presidenta agradeceu a boa acolhida que os professores tiveram por parte dos funcion\u00e1rios da SEPLAG. \u201cN\u00f3s quando estivemos aqui exercendo o nosso direito democr\u00e1tico de protestar fomos muito bem recebidos pelos servidores que trabalham na SEPLAG, pois \u00e9 assim que o p\u00fablico deve ser tratado\u201d.<\/p>\n<p style=\"text-align: justify;\">Antes de sa\u00edrem do pr\u00e9dio os educadores solicitaram que fosse assinado um documento onde a secretaria declarava que o patrim\u00f4nio estava intacto e que nenhum documento foi retirado. \u201cNa a\u00e7\u00e3o judicial o governo solicita que sa\u00edssemos do pr\u00e9dio porque a ocupa\u00e7\u00e3o criava uma inseguran\u00e7a para o pr\u00e9dio e para as informa\u00e7\u00f5es que circulam. Em nenhum momento estivemos em busca de documentos, a secretaria durante nossa ocupa\u00e7\u00e3o foi humanizada, pois aconteceram debates, atividades culturais e o direito democr\u00e1tico de lutar por nossos direitos\u201d, disse o diretor de Comunica\u00e7\u00e3o do SINTESE, Joel Almeida. O secret\u00e1rio Jos\u00e9 Oliveira J\u00fanior assinou o documento.<\/p>\n<p style=\"text-align: justify;\">Antes de sa\u00edrem do pr\u00e9dio os educadores leram um cordel (clique AQUI) e ap\u00f3s sete dias entre eles quatro com professores em jejum, ao som de \u201cPara n\u00e3o dizer que n\u00e3o falei das flores\u201d os educadores foram em caminhada para a sede do SINTESE.<\/p>\n","protected":false},"excerpt":{"rendered":"<p>&nbsp; Os educadores da rede estadual desocuparam na manh\u00e3 desta segunda (28) o pr\u00e9dio da SEPLAG. A sa\u00edda se deu depois de mandado judicial de reintegra\u00e7\u00e3o de posse. O sindicato foi notificado no domingo (27), mas os professores deliberaram a sa\u00edda na manh\u00e3 da segunda-feira. \u201cSomos educadores, sabemos cumprir a lei e temos consci\u00eancia do [&hellip;]<\/p>\n","protected":false},"author":3,"featured_media":33380,"comment_status":"closed","ping_status":"closed","sticky":false,"template":"","format":"standard","meta":{"footnotes":""},"categories":[6],"tags":[],"class_list":{"0":"post-33379","1":"post","2":"type-post","3":"status-publish","4":"format-standard","5":"has-post-thumbnail","7":"category-politica"},"_links":{"self":[{"href":"https:\/\/senoticias.com.br\/se\/wp-json\/wp\/v2\/posts\/33379"}],"collection":[{"href":"https:\/\/senoticias.com.br\/se\/wp-json\/wp\/v2\/posts"}],"about":[{"href":"https:\/\/senoticias.com.br\/se\/wp-json\/wp\/v2\/types\/post"}],"author":[{"embeddable":true,"href":"https:\/\/senoticias.com.br\/se\/wp-json\/wp\/v2\/users\/3"}],"replies":[{"embeddable":true,"href":"https:\/\/senoticias.com.br\/se\/wp-json\/wp\/v2\/comments?post=33379"}],"version-history":[{"count":0,"href":"https:\/\/senoticias.com.br\/se\/wp-json\/wp\/v2\/posts\/33379\/revisions"}],"wp:featuredmedia":[{"embeddable":true,"href":"https:\/\/senoticias.com.br\/se\/wp-json\/wp\/v2\/media\/33380"}],"wp:attachment":[{"href":"https:\/\/senoticias.com.br\/se\/wp-json\/wp\/v2\/media?parent=33379"}],"wp:term":[{"taxonomy":"category","embeddable":true,"href":"https:\/\/senoticias.com.br\/se\/wp-json\/wp\/v2\/categories?post=33379"},{"taxonomy":"post_tag","embeddable":true,"href":"https:\/\/senoticias.com.br\/se\/wp-json\/wp\/v2\/tags?post=33379"}],"curies":[{"name":"wp","href":"https:\/\/api.w.org\/{rel}","templated":true}]}}