{"id":33374,"date":"2012-05-28T16:39:06","date_gmt":"2012-05-28T19:39:06","guid":{"rendered":"http:\/\/senoticias.com.br\/se\/?p=33374"},"modified":"2012-05-29T18:35:22","modified_gmt":"2012-05-29T21:35:22","slug":"motociclista-tem-perna-decepada-e-morre-depois-de-ser-atingido-por-cacamba","status":"publish","type":"post","link":"https:\/\/senoticias.com.br\/se\/motociclista-tem-perna-decepada-e-morre-depois-de-ser-atingido-por-cacamba\/","title":{"rendered":"Motociclista tem perna decepada e morre depois de ser atingido por ca\u00e7amba"},"content":{"rendered":"<div id=\"attachment_33375\" style=\"width: 310px\" class=\"wp-caption alignleft\"><a href=\"http:\/\/senoticias.com.br\/se\/wp-content\/uploads\/2012\/05\/551784_3706975825973_1022852006_33309262_1645543990_n.jpg\"><img loading=\"lazy\" decoding=\"async\" aria-describedby=\"caption-attachment-33375\" class=\"size-medium wp-image-33375\" title=\"\" src=\"http:\/\/senoticias.com.br\/se\/wp-content\/uploads\/2012\/05\/551784_3706975825973_1022852006_33309262_1645543990_n-300x225.jpg\" alt=\"\" width=\"300\" height=\"225\" srcset=\"https:\/\/senoticias.com.br\/se\/wp-content\/uploads\/2012\/05\/551784_3706975825973_1022852006_33309262_1645543990_n-300x225.jpg 300w, https:\/\/senoticias.com.br\/se\/wp-content\/uploads\/2012\/05\/551784_3706975825973_1022852006_33309262_1645543990_n-342x256.jpg 342w, https:\/\/senoticias.com.br\/se\/wp-content\/uploads\/2012\/05\/551784_3706975825973_1022852006_33309262_1645543990_n-60x45.jpg 60w, https:\/\/senoticias.com.br\/se\/wp-content\/uploads\/2012\/05\/551784_3706975825973_1022852006_33309262_1645543990_n-150x113.jpg 150w, https:\/\/senoticias.com.br\/se\/wp-content\/uploads\/2012\/05\/551784_3706975825973_1022852006_33309262_1645543990_n-269x201.jpg 269w, https:\/\/senoticias.com.br\/se\/wp-content\/uploads\/2012\/05\/551784_3706975825973_1022852006_33309262_1645543990_n.jpg 720w\" sizes=\"(max-width: 300px) 100vw, 300px\" \/><\/a><p id=\"caption-attachment-33375\" class=\"wp-caption-text\">O acidente aconteceu por volta das 13h desta segunda-feira(28) entre os povoados Urubutinga e Bras\u00edlia em Lagarto.(Site Lagartense)<\/p><\/div>\n<p style=\"text-align: justify;\">O acidente ocorreu na manh\u00e3 desta segunda-feira (28), por volta das 13 h, entre os povoados Urubutinga e Bras\u00edlia, munic\u00edpio de Lagarto. Segundo informa\u00e7\u00f5es da CPRv, o motociclista Manoel Messias de Lima, 65 anos, seguia com destino ao povoado Bras\u00edlia, onde morava, quando teria sobrado na curva e invadido a contram\u00e3o, sendo atingido por uma ca\u00e7amba que vinha em dire\u00e7\u00e3o contr\u00e1ria.<\/p>\n<p style=\"text-align: justify;\">Manoel, que trabalhava como pedreiro e era conhecido como Man\u00e9 de Branco, acabou tendo a perna esquerda decepada pelo pneu do caminh\u00e3o. O homem ficou no ch\u00e3o, ainda vivo, mas minutos depois n\u00e3o resistiu aos ferimentos e morreu no local.<\/p>\n<p style=\"text-align: justify;\">O motorista da ca\u00e7amba, bastante abalado, foi retirado por populares do local. Manoel Messias era bastante conhecido no povoado Bras\u00edlia.<\/p>\n<p style=\"text-align: justify;\"><span style=\"color: #333399;\"><em><strong>Portal Atalaia<\/strong><\/em><\/span><\/p>\n","protected":false},"excerpt":{"rendered":"<p>O acidente ocorreu na manh\u00e3 desta segunda-feira (28), por volta das 13 h, entre os povoados Urubutinga e Bras\u00edlia, munic\u00edpio de Lagarto. Segundo informa\u00e7\u00f5es da CPRv, o motociclista Manoel Messias de Lima, 65 anos, seguia com destino ao povoado Bras\u00edlia, onde morava, quando teria sobrado na curva e invadido a contram\u00e3o, sendo atingido por uma [&hellip;]<\/p>\n","protected":false},"author":3,"featured_media":33375,"comment_status":"closed","ping_status":"closed","sticky":false,"template":"","format":"standard","meta":{"footnotes":""},"categories":[7],"tags":[],"class_list":{"0":"post-33374","1":"post","2":"type-post","3":"status-publish","4":"format-standard","5":"has-post-thumbnail","7":"category-policia"},"_links":{"self":[{"href":"https:\/\/senoticias.com.br\/se\/wp-json\/wp\/v2\/posts\/33374"}],"collection":[{"href":"https:\/\/senoticias.com.br\/se\/wp-json\/wp\/v2\/posts"}],"about":[{"href":"https:\/\/senoticias.com.br\/se\/wp-json\/wp\/v2\/types\/post"}],"author":[{"embeddable":true,"href":"https:\/\/senoticias.com.br\/se\/wp-json\/wp\/v2\/users\/3"}],"replies":[{"embeddable":true,"href":"https:\/\/senoticias.com.br\/se\/wp-json\/wp\/v2\/comments?post=33374"}],"version-history":[{"count":0,"href":"https:\/\/senoticias.com.br\/se\/wp-json\/wp\/v2\/posts\/33374\/revisions"}],"wp:featuredmedia":[{"embeddable":true,"href":"https:\/\/senoticias.com.br\/se\/wp-json\/wp\/v2\/media\/33375"}],"wp:attachment":[{"href":"https:\/\/senoticias.com.br\/se\/wp-json\/wp\/v2\/media?parent=33374"}],"wp:term":[{"taxonomy":"category","embeddable":true,"href":"https:\/\/senoticias.com.br\/se\/wp-json\/wp\/v2\/categories?post=33374"},{"taxonomy":"post_tag","embeddable":true,"href":"https:\/\/senoticias.com.br\/se\/wp-json\/wp\/v2\/tags?post=33374"}],"curies":[{"name":"wp","href":"https:\/\/api.w.org\/{rel}","templated":true}]}}