{"id":33369,"date":"2012-05-28T15:39:22","date_gmt":"2012-05-28T18:39:22","guid":{"rendered":"http:\/\/senoticias.com.br\/se\/?p=33369"},"modified":"2012-05-28T15:44:25","modified_gmt":"2012-05-28T18:44:25","slug":"ifs-divulga-edital-de-selecao-para-quase-mil-vagas-em-cursos-tecnicos-e-de-graduacao","status":"publish","type":"post","link":"https:\/\/senoticias.com.br\/se\/ifs-divulga-edital-de-selecao-para-quase-mil-vagas-em-cursos-tecnicos-e-de-graduacao\/","title":{"rendered":"IFS divulga edital de sele\u00e7\u00e3o para quase mil vagas em cursos t\u00e9cnicos e de gradua\u00e7\u00e3o"},"content":{"rendered":"<p style=\"text-align: justify;\"><a href=\"http:\/\/senoticias.com.br\/se\/wp-content\/uploads\/2011\/09\/20110817_ifs.jpg\"><img loading=\"lazy\" decoding=\"async\" class=\"alignleft size-medium wp-image-12936\" title=\"20110817_ifs\" src=\"http:\/\/senoticias.com.br\/se\/wp-content\/uploads\/2011\/09\/20110817_ifs-300x169.jpg\" alt=\"\" width=\"300\" height=\"169\" srcset=\"https:\/\/senoticias.com.br\/se\/wp-content\/uploads\/2011\/09\/20110817_ifs-300x169.jpg 300w, https:\/\/senoticias.com.br\/se\/wp-content\/uploads\/2011\/09\/20110817_ifs-342x193.jpg 342w, https:\/\/senoticias.com.br\/se\/wp-content\/uploads\/2011\/09\/20110817_ifs.jpg 557w\" sizes=\"(max-width: 300px) 100vw, 300px\" \/><\/a>O Instituto Federal de Sergipe (IFS) acaba de publicar os editais do processo seletivo para cursos t\u00e9cnicos de n\u00edvel m\u00e9dio subsequentes e do vestibular para cursos de n\u00edvel superior. Ao todo, est\u00e3o dispon\u00edveis 905 vagas, sendo 705 para subsequentes e 200 para cursos de gradua\u00e7\u00e3o.<\/p>\n<p style=\"text-align: justify;\">Tanto para o vestibular quanto para o processo seletivo, as inscri\u00e7\u00f5es estar\u00e3o abertas de 25 de junho a 12 de julho, atrav\u00e9s da internet ou presencialmente, em cada campus. A taxa de inscri\u00e7\u00e3o para o processo seletivo \u00e9 de R$ 20 no Campus Aracaju e de R$ 10 nos demais campi.<\/p>\n<p style=\"text-align: justify;\">Para o vestibular, a taxa de inscri\u00e7\u00e3o \u00e9 de R$ 30 em todos os campi. A solicita\u00e7\u00e3o de isen\u00e7\u00e3o, tanto para cursos t\u00e9cnicos quanto para os de gradua\u00e7\u00e3o, pode ser feita de 28 de maio a 8 de junho, das 8h \u00e0s 11h, 14h \u00e0s 17h e 18h \u00e0s 21h, nos campi Aracaju e Lagarto, e das 8h \u00e0s 12h e 14h \u00e0s 17h nos campi Itabaiana e S\u00e3o Crist\u00f3v\u00e3o.<\/p>\n<p style=\"text-align: justify;\"><strong>Vagas<\/strong><\/p>\n<p style=\"text-align: justify;\">Entre os cursos t\u00e9cnicos, h\u00e1 vagas em Edifica\u00e7\u00f5es, Eletr\u00f4nica, Eletrot\u00e9cnica, Qu\u00edmica, Petr\u00f3leo e G\u00e1s, Inform\u00e1tica, Alimentos, Seguran\u00e7a no Trabalho, Hospedagem, Agrimensura, Eletromec\u00e2nica, Manuten\u00e7\u00e3o e Suporte de Inform\u00e1tica e Guia de Turismo. J\u00e1 entre as op\u00e7\u00f5es de n\u00edvel superior, h\u00e1 os cursos de Engenharia Civil, licenciaturas em Qu\u00edmica, F\u00edsica e Matem\u00e1tica, Gest\u00e3o de Turismo, Saneamento Ambiental, Sistemas de Informa\u00e7\u00e3o, Agroecologia e Automa\u00e7\u00e3o Industrial.<\/p>\n<p style=\"text-align: justify;\">As provas ser\u00e3o realizadas no dia 5 de agosto para os cursos t\u00e9cnicos, e no dia 12 do mesmo m\u00eas para os de n\u00edvel superior. O resultado final do processo seletivo ser\u00e1 divulgado no dia 17 de agosto. A lista de pr\u00e9-classificados no vestibular poder\u00e1 ser conferida no dia 16 de agosto e o resultado final est\u00e1 previsto para o dia 21 do mesmo m\u00eas.<\/p>\n<p style=\"text-align: justify;\">Datas importantes para cursos t\u00e9cnicos de n\u00edvel m\u00e9dio subsequentes<\/p>\n<p style=\"text-align: justify;\">Inscri\u00e7\u00f5es: 25\/06 a 12\/07<\/p>\n<p style=\"text-align: justify;\">Isen\u00e7\u00e3o: 28\/05 a 08\/06<\/p>\n<p style=\"text-align: justify;\">Provas: 05\/08<\/p>\n<p style=\"text-align: justify;\">Resultado final: 17\/08<\/p>\n<p style=\"text-align: justify;\">Datas importantes para cursos de gradua\u00e7\u00e3o<\/p>\n<p style=\"text-align: justify;\">Inscri\u00e7\u00f5es: 25\/06 a 12\/07<\/p>\n<p style=\"text-align: justify;\">Isen\u00e7\u00e3o: 28\/05 a 08\/06<\/p>\n<p style=\"text-align: justify;\">Provas: 12\/08<\/p>\n<p style=\"text-align: justify;\">Resultado final: 21\/08<\/p>\n<p>Confira editais completos em <a href=\"%20http:\/\/www.ifs.edu.br\/\" target=\"_blank\"><strong>www.ifs.edu.br<\/strong><\/a><\/p>\n<p><span style=\"color: #666699;\"><em><strong>Coordena\u00e7\u00e3o de Comunica\u00e7\u00e3o Social e Eventos (CCOM)<\/strong><\/em><\/span><\/p>\n","protected":false},"excerpt":{"rendered":"<p>O Instituto Federal de Sergipe (IFS) acaba de publicar os editais do processo seletivo para cursos t\u00e9cnicos de n\u00edvel m\u00e9dio subsequentes e do vestibular para cursos de n\u00edvel superior. Ao todo, est\u00e3o dispon\u00edveis 905 vagas, sendo 705 para subsequentes e 200 para cursos de gradua\u00e7\u00e3o. Tanto para o vestibular quanto para o processo seletivo, as [&hellip;]<\/p>\n","protected":false},"author":3,"featured_media":12936,"comment_status":"closed","ping_status":"closed","sticky":false,"template":"","format":"standard","meta":{"footnotes":""},"categories":[44,26],"tags":[],"class_list":{"0":"post-33369","1":"post","2":"type-post","3":"status-publish","4":"format-standard","5":"has-post-thumbnail","7":"category-educacao","8":"category-esportes"},"_links":{"self":[{"href":"https:\/\/senoticias.com.br\/se\/wp-json\/wp\/v2\/posts\/33369"}],"collection":[{"href":"https:\/\/senoticias.com.br\/se\/wp-json\/wp\/v2\/posts"}],"about":[{"href":"https:\/\/senoticias.com.br\/se\/wp-json\/wp\/v2\/types\/post"}],"author":[{"embeddable":true,"href":"https:\/\/senoticias.com.br\/se\/wp-json\/wp\/v2\/users\/3"}],"replies":[{"embeddable":true,"href":"https:\/\/senoticias.com.br\/se\/wp-json\/wp\/v2\/comments?post=33369"}],"version-history":[{"count":0,"href":"https:\/\/senoticias.com.br\/se\/wp-json\/wp\/v2\/posts\/33369\/revisions"}],"wp:featuredmedia":[{"embeddable":true,"href":"https:\/\/senoticias.com.br\/se\/wp-json\/wp\/v2\/media\/12936"}],"wp:attachment":[{"href":"https:\/\/senoticias.com.br\/se\/wp-json\/wp\/v2\/media?parent=33369"}],"wp:term":[{"taxonomy":"category","embeddable":true,"href":"https:\/\/senoticias.com.br\/se\/wp-json\/wp\/v2\/categories?post=33369"},{"taxonomy":"post_tag","embeddable":true,"href":"https:\/\/senoticias.com.br\/se\/wp-json\/wp\/v2\/tags?post=33369"}],"curies":[{"name":"wp","href":"https:\/\/api.w.org\/{rel}","templated":true}]}}