{"id":33360,"date":"2012-05-28T15:15:43","date_gmt":"2012-05-28T18:15:43","guid":{"rendered":"http:\/\/senoticias.com.br\/se\/?p=33360"},"modified":"2012-05-29T15:11:02","modified_gmt":"2012-05-29T18:11:02","slug":"saiba-como-foi-a-prisao-de-traficantes-com-150-kg-de-maconha-em-sao-cristovao","status":"publish","type":"post","link":"https:\/\/senoticias.com.br\/se\/saiba-como-foi-a-prisao-de-traficantes-com-150-kg-de-maconha-em-sao-cristovao\/","title":{"rendered":"Saiba como foi a pris\u00e3o de traficantes com 150 kg de maconha em S\u00e3o Crist\u00f3v\u00e3o"},"content":{"rendered":"<p style=\"text-align: justify;\"><a href=\"http:\/\/senoticias.com.br\/se\/wp-content\/uploads\/2012\/05\/images-stories-NOVAS_FOTOS_NOTICIAS-Maio-28-editada_cope-220x391.jpg\"><img loading=\"lazy\" decoding=\"async\" class=\"alignleft size-medium wp-image-33361\" title=\"images-stories-NOVAS_FOTOS_NOTICIAS-Maio-28-editada_cope-220x391\" src=\"http:\/\/senoticias.com.br\/se\/wp-content\/uploads\/2012\/05\/images-stories-NOVAS_FOTOS_NOTICIAS-Maio-28-editada_cope-220x391-168x300.jpg\" alt=\"\" width=\"168\" height=\"300\" srcset=\"https:\/\/senoticias.com.br\/se\/wp-content\/uploads\/2012\/05\/images-stories-NOVAS_FOTOS_NOTICIAS-Maio-28-editada_cope-220x391-168x300.jpg 168w, https:\/\/senoticias.com.br\/se\/wp-content\/uploads\/2012\/05\/images-stories-NOVAS_FOTOS_NOTICIAS-Maio-28-editada_cope-220x391.jpg 220w\" sizes=\"(max-width: 168px) 100vw, 168px\" \/><\/a>A Secretaria de Estado da Seguran\u00e7a P\u00fablica (SSP) divulgou na manh\u00e3 desta segunda-feira, 28, em Aracaju, detalhes da opera\u00e7\u00e3o que resultou na pris\u00e3o de tr\u00eas homens acusados de tr\u00e1fico de droga. Foram apreendidos com eles cerca de <strong>150 quilos de maconha<\/strong>, dividida em pacotes prontos para o transporte. O entorpecente foi localizado em um s\u00edtio em S\u00e3o Crist\u00f3v\u00e3o e seria vendido na regi\u00e3o metropolitana de Aracaju.<\/p>\n<p style=\"text-align: justify;\">A investiga\u00e7\u00e3o durou um m\u00eas, desde que a Pol\u00edcia Civil recebeu uma den\u00fancia de que dois homens eram respons\u00e1veis pelo transporte de narc\u00f3ticos na regi\u00e3o, e passou a apurar o fato, com aux\u00edlio da Pol\u00edcia Militar. A partir do levantamento de mais informa\u00e7\u00f5es que foram passsadas sobre os suspeitos, os investigadores chegaram a Pedro Alves dos Santos, 18 anos, e Gilandeson de Jesus Santos, 29.<\/p>\n<p style=\"text-align: justify;\">Segundo o delegado Andr\u00e9 Baronto, do Complexo de Opera\u00e7\u00f5es Policiais Especiais (Cope), a dupla foi interceptada na \u00faltima sexta-feira, 25, quando se deslocavam em um ve\u00edculo Vectra, de cor preta e placas HZZ-8857, no munic\u00edpio de S\u00e3o Crist\u00f3v\u00e3o, nas proximidades do Complexo Penitenci\u00e1rio Manoel Carvalho Neto (Compecan).<\/p>\n<p style=\"text-align: justify;\">&#8220;Durante a abordagem, parte da droga foi encontrada dentro do ve\u00edculo, escondida. Mais tarde, os policiais militares e civis se dirigiram at\u00e9 um s\u00edtio, localizado nas imedia\u00e7\u00f5es da unidade prisional, e l\u00e1 prenderam Celso Rodrigues dos Santos, 43 anos, e apreenderam mais maconha. O entorpecente estava acondicionado em pacotes envoltos com fita adesiva&#8221;, esclareceu o delegado.<\/p>\n<p style=\"text-align: justify;\"><a href=\"http:\/\/senoticias.com.br\/se\/wp-content\/uploads\/2012\/05\/editada_cope_1.jpg\"><img loading=\"lazy\" decoding=\"async\" class=\"alignleft size-medium wp-image-33365\" title=\"editada_cope_1\" src=\"http:\/\/senoticias.com.br\/se\/wp-content\/uploads\/2012\/05\/editada_cope_1-300x168.jpg\" alt=\"\" width=\"300\" height=\"168\" srcset=\"https:\/\/senoticias.com.br\/se\/wp-content\/uploads\/2012\/05\/editada_cope_1-300x168.jpg 300w, https:\/\/senoticias.com.br\/se\/wp-content\/uploads\/2012\/05\/editada_cope_1-342x192.jpg 342w, https:\/\/senoticias.com.br\/se\/wp-content\/uploads\/2012\/05\/editada_cope_1.jpg 700w\" sizes=\"(max-width: 300px) 100vw, 300px\" \/><\/a>Ainda de acordo com Baronto, continuam sendo investigados o destino e a origem da droga e a exist\u00eancia de mais pessoas ligadas ao grupo por conta do crime, al\u00e9m, \u00e9 claro, da vida dos envolvidos. &#8220;J\u00e1 sabemos que um deles j\u00e1 foi preso em outra ocasi\u00e3o, mas isso ainda deve ser confirmado de forma oficial, j\u00e1 que as investiga\u00e7\u00f5es n\u00e3o acabam aqui. Enquanto isso, eles aguardar\u00e3o custodiados, \u00e0 disposi\u00e7\u00e3o do poder judici\u00e1rio, e a carga de droga ser\u00e1 guardada at\u00e9 que seja autorizada a sua total incinera\u00e7\u00e3o&#8221;, acrescentou.<\/p>\n<p style=\"text-align: justify;\">A opera\u00e7\u00e3o contou com a participa\u00e7\u00e3o de policiais civis do Cope e da Divis\u00e3o de Intelig\u00eancia e Planejamento Policial (Dipol), com apoio operacional de policiais militares do Comando de Opera\u00e7\u00f5es Especiais (COE).<\/p>\n<p style=\"text-align: justify;\"><span style=\"color: #666699;\"><em><strong>SSP\/SE<\/strong><\/em><\/span><\/p>\n","protected":false},"excerpt":{"rendered":"<p>A Secretaria de Estado da Seguran\u00e7a P\u00fablica (SSP) divulgou na manh\u00e3 desta segunda-feira, 28, em Aracaju, detalhes da opera\u00e7\u00e3o que resultou na pris\u00e3o de tr\u00eas homens acusados de tr\u00e1fico de droga. Foram apreendidos com eles cerca de 150 quilos de maconha, dividida em pacotes prontos para o transporte. O entorpecente foi localizado em um s\u00edtio [&hellip;]<\/p>\n","protected":false},"author":3,"featured_media":33361,"comment_status":"closed","ping_status":"closed","sticky":false,"template":"","format":"standard","meta":{"footnotes":""},"categories":[7],"tags":[],"class_list":{"0":"post-33360","1":"post","2":"type-post","3":"status-publish","4":"format-standard","5":"has-post-thumbnail","7":"category-policia"},"_links":{"self":[{"href":"https:\/\/senoticias.com.br\/se\/wp-json\/wp\/v2\/posts\/33360"}],"collection":[{"href":"https:\/\/senoticias.com.br\/se\/wp-json\/wp\/v2\/posts"}],"about":[{"href":"https:\/\/senoticias.com.br\/se\/wp-json\/wp\/v2\/types\/post"}],"author":[{"embeddable":true,"href":"https:\/\/senoticias.com.br\/se\/wp-json\/wp\/v2\/users\/3"}],"replies":[{"embeddable":true,"href":"https:\/\/senoticias.com.br\/se\/wp-json\/wp\/v2\/comments?post=33360"}],"version-history":[{"count":0,"href":"https:\/\/senoticias.com.br\/se\/wp-json\/wp\/v2\/posts\/33360\/revisions"}],"wp:featuredmedia":[{"embeddable":true,"href":"https:\/\/senoticias.com.br\/se\/wp-json\/wp\/v2\/media\/33361"}],"wp:attachment":[{"href":"https:\/\/senoticias.com.br\/se\/wp-json\/wp\/v2\/media?parent=33360"}],"wp:term":[{"taxonomy":"category","embeddable":true,"href":"https:\/\/senoticias.com.br\/se\/wp-json\/wp\/v2\/categories?post=33360"},{"taxonomy":"post_tag","embeddable":true,"href":"https:\/\/senoticias.com.br\/se\/wp-json\/wp\/v2\/tags?post=33360"}],"curies":[{"name":"wp","href":"https:\/\/api.w.org\/{rel}","templated":true}]}}