{"id":33346,"date":"2012-05-28T07:07:06","date_gmt":"2012-05-28T10:07:06","guid":{"rendered":"http:\/\/senoticias.com.br\/se\/?p=33346"},"modified":"2013-05-18T13:00:10","modified_gmt":"2013-05-18T16:00:10","slug":"tcu-condena-prefeito-a-pagar-por-comprar-bloqueador-solar-superfaturado","status":"publish","type":"post","link":"https:\/\/senoticias.com.br\/se\/tcu-condena-prefeito-a-pagar-por-comprar-bloqueador-solar-superfaturado\/","title":{"rendered":"TCU condena prefeito por comprar Bloqueador Solar &#8220;superfaturado&#8221;"},"content":{"rendered":"<div id=\"attachment_33348\" style=\"width: 305px\" class=\"wp-caption alignleft\"><a href=\"http:\/\/senoticias.com.br\/se\/wp-content\/uploads\/2012\/05\/Alex-com-a-cabe%C3%A7a-torta1.jpg\"><img loading=\"lazy\" decoding=\"async\" aria-describedby=\"caption-attachment-33348\" class=\"size-medium wp-image-33348\" title=\"Alex com a cabe\u00e7a torta\" src=\"http:\/\/senoticias.com.br\/se\/wp-content\/uploads\/2012\/05\/Alex-com-a-cabe%C3%A7a-torta1-295x300.jpg\" alt=\"\" width=\"295\" height=\"300\" \/><\/a><p id=\"caption-attachment-33348\" class=\"wp-caption-text\">Prefeito de S\u00e3o Crist\u00f3v\u00e3o Alex Rocha sofre nova puni\u00e7\u00e3o. (Foto: Reprodu\u00e7\u00e3o)<\/p><\/div>\n<p style=\"text-align: justify;\">O Tribunal de Contas da Uni\u00e3o (TCU), condenou, solidariamente, o prefeito de S\u00e3o Crist\u00f3v\u00e3o, Alexsander Oliveira de Andrade (PDT) e a empresa Central M\u00e9dica e Comercial Ltda., ao pagamento do valor de <strong>R$ 40.662,00<\/strong>, atualizada monetariamente e acrescida de juros de mora, a partir de junho de 2009, at\u00e9 a data do efetivo recolhimento, nos termos da legisla\u00e7\u00e3o em vigor. <strong>A medida \u00e9 em raz\u00e3o do superfaturamento nos pre\u00e7os de 120 gal\u00f5es de Bloqueador Solar Uva\/Uvb FPS 30, embalagens de quatro litros, ao pre\u00e7o unit\u00e1rio de R$ 565,00<\/strong>.<\/p>\n<p style=\"text-align: justify;\">De acordo com o levantamento feito por t\u00e9cnicos do TCU, o pre\u00e7o unit\u00e1rio m\u00e9dio do produto apurado foi de R$ 226,15. O prefeito e o representante da empresa t\u00eam 15 dias para que comprovem, perante o Tribunal, o recolhimento da quantia aos cofres do Fundo Nacional de Sa\u00fade. Al\u00e9m de aplicar multa a ambos, o TCU tamb\u00e9m determinou a cobran\u00e7a judicial das d\u00edvidas, acrescidas dos encargos legais devidos.<\/p>\n<p style=\"text-align: justify;\">O\u00a0 relator do processo, ministro Jos\u00e9 Jorge destacou que<strong> os acusados deixaram o caso correr \u00e0 revelia. &#8220;Vencido o prazo regimental para manifesta\u00e7\u00e3o dos respons\u00e1veis, estes permaneceram silentes<\/strong>, sendo encaminhado para a diretoria t\u00e9cnica para instru\u00e7\u00e3o do feito&#8221;, destacou o ministro, ressaltando que &#8220;ao n\u00e3o apresentar defesa, o respons\u00e1vel deixou de produzir prova da regular aplica\u00e7\u00e3o dos recursos sob sua responsabilidade, assim como a empresa benefici\u00e1ria dos pagamentos a maior, em afronta \u00e0s normas que imp\u00f5em aos gestores p\u00fablicos \u00e0\u00a0 obriga\u00e7\u00e3o legal de, sempre que demandados pelos \u00f3rg\u00e3os de controle, eles devem apresentar os documentos que demonstrem a correta utiliza\u00e7\u00e3o das verbas p\u00fablicas&#8221;.<\/p>\n<p style=\"text-align: justify;\">Jos\u00e9 Jorge observou que &#8220;quem quer que utilize dinheiro p\u00fablico ter\u00e1 de justificar seu bom e regular emprego na conformidade das leis, regulamentos e normas emanadas das autoridades administrativas competentes&#8221;.<\/p>\n<p style=\"text-align: justify;\"><span style=\"color: #333333;\"><em><strong>SE Not\u00edcias com K\u00e1tia Santana &#8211; Jornal da Cidade<\/strong><\/em><\/span><\/p>\n","protected":false},"excerpt":{"rendered":"<p>O Tribunal de Contas da Uni\u00e3o (TCU), condenou, solidariamente, o prefeito de S\u00e3o Crist\u00f3v\u00e3o, Alexsander Oliveira de Andrade (PDT) e a empresa Central M\u00e9dica e Comercial Ltda., ao pagamento do valor de R$ 40.662,00, atualizada monetariamente e acrescida de juros de mora, a partir de junho de 2009, at\u00e9 a data do efetivo recolhimento, nos [&hellip;]<\/p>\n","protected":false},"author":3,"featured_media":33348,"comment_status":"closed","ping_status":"closed","sticky":false,"template":"","format":"standard","meta":{"footnotes":""},"categories":[15,38,3],"tags":[],"class_list":{"0":"post-33346","1":"post","2":"type-post","3":"status-publish","4":"format-standard","5":"has-post-thumbnail","7":"category-destaques","8":"category-municipios","9":"category-saocristovao"},"_links":{"self":[{"href":"https:\/\/senoticias.com.br\/se\/wp-json\/wp\/v2\/posts\/33346"}],"collection":[{"href":"https:\/\/senoticias.com.br\/se\/wp-json\/wp\/v2\/posts"}],"about":[{"href":"https:\/\/senoticias.com.br\/se\/wp-json\/wp\/v2\/types\/post"}],"author":[{"embeddable":true,"href":"https:\/\/senoticias.com.br\/se\/wp-json\/wp\/v2\/users\/3"}],"replies":[{"embeddable":true,"href":"https:\/\/senoticias.com.br\/se\/wp-json\/wp\/v2\/comments?post=33346"}],"version-history":[{"count":0,"href":"https:\/\/senoticias.com.br\/se\/wp-json\/wp\/v2\/posts\/33346\/revisions"}],"wp:featuredmedia":[{"embeddable":true,"href":"https:\/\/senoticias.com.br\/se\/wp-json\/wp\/v2\/media\/33348"}],"wp:attachment":[{"href":"https:\/\/senoticias.com.br\/se\/wp-json\/wp\/v2\/media?parent=33346"}],"wp:term":[{"taxonomy":"category","embeddable":true,"href":"https:\/\/senoticias.com.br\/se\/wp-json\/wp\/v2\/categories?post=33346"},{"taxonomy":"post_tag","embeddable":true,"href":"https:\/\/senoticias.com.br\/se\/wp-json\/wp\/v2\/tags?post=33346"}],"curies":[{"name":"wp","href":"https:\/\/api.w.org\/{rel}","templated":true}]}}