{"id":33325,"date":"2012-05-27T21:11:41","date_gmt":"2012-05-28T00:11:41","guid":{"rendered":"http:\/\/senoticias.com.br\/se\/?p=33325"},"modified":"2012-05-28T19:47:02","modified_gmt":"2012-05-28T22:47:02","slug":"ambulancia-capota-e-mata-pai-e-filho-em-ribeiropolis","status":"publish","type":"post","link":"https:\/\/senoticias.com.br\/se\/ambulancia-capota-e-mata-pai-e-filho-em-ribeiropolis\/","title":{"rendered":"Ambul\u00e2ncia capota e mata pai e filho em Ribeir\u00f3polis, SE"},"content":{"rendered":"<div id=\"attachment_33344\" style=\"width: 310px\" class=\"wp-caption alignleft\"><a href=\"http:\/\/senoticias.com.br\/se\/wp-content\/uploads\/2012\/05\/0324-1024x768.jpg\"><img loading=\"lazy\" decoding=\"async\" aria-describedby=\"caption-attachment-33344\" class=\"size-medium wp-image-33344\" title=\"0324-1024x768\" src=\"http:\/\/senoticias.com.br\/se\/wp-content\/uploads\/2012\/05\/0324-1024x768-300x225.jpg\" alt=\"\" width=\"300\" height=\"225\" srcset=\"https:\/\/senoticias.com.br\/se\/wp-content\/uploads\/2012\/05\/0324-1024x768-300x225.jpg 300w, https:\/\/senoticias.com.br\/se\/wp-content\/uploads\/2012\/05\/0324-1024x768-342x256.jpg 342w, https:\/\/senoticias.com.br\/se\/wp-content\/uploads\/2012\/05\/0324-1024x768-60x45.jpg 60w, https:\/\/senoticias.com.br\/se\/wp-content\/uploads\/2012\/05\/0324-1024x768-150x113.jpg 150w, https:\/\/senoticias.com.br\/se\/wp-content\/uploads\/2012\/05\/0324-1024x768-269x201.jpg 269w, https:\/\/senoticias.com.br\/se\/wp-content\/uploads\/2012\/05\/0324-1024x768.jpg 1024w\" sizes=\"(max-width: 300px) 100vw, 300px\" \/><\/a><p id=\"caption-attachment-33344\" class=\"wp-caption-text\">Ambul\u00e2ncia capota e mata pai e filho. (Foto: Sandoval)<\/p><\/div>\n<p style=\"text-align: justify;\">Por volta das 13h30min deste domingo, (27\/05), uma ambul\u00e2ncia de placa de P\u00e3o de A\u00e7\u00facar, Alagoas, tombou na rodovia SE-175, na sa\u00edda de Ribeir\u00f3polis. Duas pessoas morreram e quatro ficaram gravemente feridas.<\/p>\n<p style=\"text-align: justify;\">O condutor da ambul\u00e2ncia seguia no sentido Aparecida\/Ribeir\u00f3polis, e segundo informa\u00e7\u00f5es do Radialista Z\u00e9 do Sert\u00e3o, que seguia na rodovia no momento do acidente, estava chovendo, e o motorista perdeu o controle do ve\u00edculo em um trecho reto.<\/p>\n<p style=\"text-align: justify;\">No capotamento, pai e filho, conhecidos como Raul Jos\u00e9 Gustavo e Roberto Gustavo ficaram presos \u00e0s ferragens, e morreram no local, eles eram naturais de P\u00e3o de A\u00e7\u00facar (AL), mas residiam em Po\u00e7o Redondo (SE).<\/p>\n<p style=\"text-align: justify;\">Al\u00e9m das duas v\u00edtimas fatais: Josefa Correa de S\u00e1, Iudemar de Melo Xavier, F\u00e1bio Jos\u00e9 e F\u00e1bio da Silva Andrade (condutor), tiveram ferimentos graves e foram encaminhados ao Hospital de Urg\u00eancia de Sergipe (HUSE).<\/p>\n<p><a href=\"  http:\/\/itnet.com.br\/materia-18036\" target=\"_blank\"><span style=\"color: #333399;\"><em><strong>Aparecido Santana &#8211; Reda\u00e7\u00e3o Itnet<\/strong><\/em><\/span><\/a><\/p>\n","protected":false},"excerpt":{"rendered":"<p>Por volta das 13h30min deste domingo, (27\/05), uma ambul\u00e2ncia de placa de P\u00e3o de A\u00e7\u00facar, Alagoas, tombou na rodovia SE-175, na sa\u00edda de Ribeir\u00f3polis. Duas pessoas morreram e quatro ficaram gravemente feridas. O condutor da ambul\u00e2ncia seguia no sentido Aparecida\/Ribeir\u00f3polis, e segundo informa\u00e7\u00f5es do Radialista Z\u00e9 do Sert\u00e3o, que seguia na rodovia no momento do [&hellip;]<\/p>\n","protected":false},"author":3,"featured_media":33344,"comment_status":"closed","ping_status":"closed","sticky":false,"template":"","format":"standard","meta":{"footnotes":""},"categories":[7],"tags":[],"class_list":{"0":"post-33325","1":"post","2":"type-post","3":"status-publish","4":"format-standard","5":"has-post-thumbnail","7":"category-policia"},"_links":{"self":[{"href":"https:\/\/senoticias.com.br\/se\/wp-json\/wp\/v2\/posts\/33325"}],"collection":[{"href":"https:\/\/senoticias.com.br\/se\/wp-json\/wp\/v2\/posts"}],"about":[{"href":"https:\/\/senoticias.com.br\/se\/wp-json\/wp\/v2\/types\/post"}],"author":[{"embeddable":true,"href":"https:\/\/senoticias.com.br\/se\/wp-json\/wp\/v2\/users\/3"}],"replies":[{"embeddable":true,"href":"https:\/\/senoticias.com.br\/se\/wp-json\/wp\/v2\/comments?post=33325"}],"version-history":[{"count":0,"href":"https:\/\/senoticias.com.br\/se\/wp-json\/wp\/v2\/posts\/33325\/revisions"}],"wp:featuredmedia":[{"embeddable":true,"href":"https:\/\/senoticias.com.br\/se\/wp-json\/wp\/v2\/media\/33344"}],"wp:attachment":[{"href":"https:\/\/senoticias.com.br\/se\/wp-json\/wp\/v2\/media?parent=33325"}],"wp:term":[{"taxonomy":"category","embeddable":true,"href":"https:\/\/senoticias.com.br\/se\/wp-json\/wp\/v2\/categories?post=33325"},{"taxonomy":"post_tag","embeddable":true,"href":"https:\/\/senoticias.com.br\/se\/wp-json\/wp\/v2\/tags?post=33325"}],"curies":[{"name":"wp","href":"https:\/\/api.w.org\/{rel}","templated":true}]}}