{"id":33313,"date":"2012-05-27T14:33:52","date_gmt":"2012-05-27T17:33:52","guid":{"rendered":"http:\/\/senoticias.com.br\/se\/?p=33313"},"modified":"2012-05-28T18:24:02","modified_gmt":"2012-05-28T21:24:02","slug":"gerente-do-trafico-em-penedo-aguarda-transferencia-para-aracaju","status":"publish","type":"post","link":"https:\/\/senoticias.com.br\/se\/gerente-do-trafico-em-penedo-aguarda-transferencia-para-aracaju\/","title":{"rendered":"Gerente do tr\u00e1fico em Penedo aguarda transfer\u00eancia para Aracaju"},"content":{"rendered":"<div id=\"attachment_33314\" style=\"width: 260px\" class=\"wp-caption alignleft\"><a href=\"http:\/\/senoticias.com.br\/se\/wp-content\/uploads\/2012\/05\/aW1hZ2Vucy8xMzM4MDQ0NTA5MTAxMDYyNi5qcGc.jpg\"><img loading=\"lazy\" decoding=\"async\" aria-describedby=\"caption-attachment-33314\" class=\"size-full wp-image-33314\" title=\"Gerente\" src=\"http:\/\/senoticias.com.br\/se\/wp-content\/uploads\/2012\/05\/aW1hZ2Vucy8xMzM4MDQ0NTA5MTAxMDYyNi5qcGc.jpg\" alt=\"\" width=\"250\" height=\"187\" srcset=\"https:\/\/senoticias.com.br\/se\/wp-content\/uploads\/2012\/05\/aW1hZ2Vucy8xMzM4MDQ0NTA5MTAxMDYyNi5qcGc.jpg 250w, https:\/\/senoticias.com.br\/se\/wp-content\/uploads\/2012\/05\/aW1hZ2Vucy8xMzM4MDQ0NTA5MTAxMDYyNi5qcGc-60x45.jpg 60w, https:\/\/senoticias.com.br\/se\/wp-content\/uploads\/2012\/05\/aW1hZ2Vucy8xMzM4MDQ0NTA5MTAxMDYyNi5qcGc-150x113.jpg 150w\" sizes=\"(max-width: 250px) 100vw, 250px\" \/><\/a><p id=\"caption-attachment-33314\" class=\"wp-caption-text\">Jonas Alves de Freitas, conhecido como &quot;junior&quot; \/ Reprodu\u00e7\u00e3o<\/p><\/div>\n<p style=\"text-align: justify;\">O servi\u00e7o de Inteligencia do 11\u00ba BPM com o apoio da Guarni\u00e7\u00e3o do Pelopes, prendeu o Gerente do Tr\u00e1fico de Drogas da Cidade de Penedo, Jonas Alves de Freitas, conhecido como &#8220;junior&#8221; e que comandava a distribui\u00e7\u00e3o das drogas no munic\u00edpio.<\/p>\n<p style=\"text-align: justify;\">Jonas foi designado pelo chefe do trafico para gerenciar e executar trabalhos inerentes a dividas de drogas. Sua movimenta\u00e7\u00e3o foi levantada e confirmada o mesmo responde por v\u00e1rios crimes entre eles, homic\u00eddio e porte illegal de Arma de fogo, esses da 5\u00ba Vara Criminal da Comarca de Aracaju, com expedi\u00e7\u00e3o de Mandado de Pris\u00e3o.<\/p>\n<p style=\"text-align: justify;\">Com o acusado, foi encontrada uma grande quantia em dinheiro, calculada no momento da pris\u00e3o em R$ 2.304,00, provavelmente resultado da venda de drogas no munic\u00edpio ribeirinho de Penedo.<\/p>\n<p style=\"text-align: justify;\">Jonas esta preso na Delegacia Regional de Penedo onde aguarda decis\u00e3o de sua transfer\u00eancia para o estado de Sergipe. A pol\u00edcia ainda informou, que depois da pris\u00e3o de Cadinho, um dos l\u00edderes do tr\u00e1fico, foi dada a ordem de matar tr\u00eas pessoas do bairro da Coreia, possivelmente por d\u00e9bitos com os criminosos, todas estas seriam executadas por \u201cJunior\u201d, informa\u00e7\u00f5es essas que levaram as pris\u00f5es.<\/p>\n<p><a href=\"http:\/\/cadaminuto.com.br\/noticia\/2012\/05\/26\/policia-de-penedo-prende-gerente-do-trafico-no-municipio\" target=\"_blank\"><span style=\"color: #666699;\"><em><strong>Do Portal Cada Minuto<\/strong><\/em><\/span> <\/a><\/p>\n","protected":false},"excerpt":{"rendered":"<p>O servi\u00e7o de Inteligencia do 11\u00ba BPM com o apoio da Guarni\u00e7\u00e3o do Pelopes, prendeu o Gerente do Tr\u00e1fico de Drogas da Cidade de Penedo, Jonas Alves de Freitas, conhecido como &#8220;junior&#8221; e que comandava a distribui\u00e7\u00e3o das drogas no munic\u00edpio. Jonas foi designado pelo chefe do trafico para gerenciar e executar trabalhos inerentes a [&hellip;]<\/p>\n","protected":false},"author":3,"featured_media":33314,"comment_status":"closed","ping_status":"closed","sticky":false,"template":"","format":"standard","meta":{"footnotes":""},"categories":[7],"tags":[],"class_list":{"0":"post-33313","1":"post","2":"type-post","3":"status-publish","4":"format-standard","5":"has-post-thumbnail","7":"category-policia"},"_links":{"self":[{"href":"https:\/\/senoticias.com.br\/se\/wp-json\/wp\/v2\/posts\/33313"}],"collection":[{"href":"https:\/\/senoticias.com.br\/se\/wp-json\/wp\/v2\/posts"}],"about":[{"href":"https:\/\/senoticias.com.br\/se\/wp-json\/wp\/v2\/types\/post"}],"author":[{"embeddable":true,"href":"https:\/\/senoticias.com.br\/se\/wp-json\/wp\/v2\/users\/3"}],"replies":[{"embeddable":true,"href":"https:\/\/senoticias.com.br\/se\/wp-json\/wp\/v2\/comments?post=33313"}],"version-history":[{"count":0,"href":"https:\/\/senoticias.com.br\/se\/wp-json\/wp\/v2\/posts\/33313\/revisions"}],"wp:featuredmedia":[{"embeddable":true,"href":"https:\/\/senoticias.com.br\/se\/wp-json\/wp\/v2\/media\/33314"}],"wp:attachment":[{"href":"https:\/\/senoticias.com.br\/se\/wp-json\/wp\/v2\/media?parent=33313"}],"wp:term":[{"taxonomy":"category","embeddable":true,"href":"https:\/\/senoticias.com.br\/se\/wp-json\/wp\/v2\/categories?post=33313"},{"taxonomy":"post_tag","embeddable":true,"href":"https:\/\/senoticias.com.br\/se\/wp-json\/wp\/v2\/tags?post=33313"}],"curies":[{"name":"wp","href":"https:\/\/api.w.org\/{rel}","templated":true}]}}