{"id":33298,"date":"2012-05-27T09:03:54","date_gmt":"2012-05-27T12:03:54","guid":{"rendered":"http:\/\/senoticias.com.br\/se\/?p=33298"},"modified":"2012-05-27T10:01:43","modified_gmt":"2012-05-27T13:01:43","slug":"decretada-ilegalidade-da-greve-dos-professores-de-caninde","status":"publish","type":"post","link":"https:\/\/senoticias.com.br\/se\/decretada-ilegalidade-da-greve-dos-professores-de-caninde\/","title":{"rendered":"Decretada ilegalidade da greve dos professores de Canind\u00e9"},"content":{"rendered":"<div id=\"attachment_33302\" style=\"width: 310px\" class=\"wp-caption alignleft\"><a href=\"http:\/\/senoticias.com.br\/se\/wp-content\/uploads\/2012\/05\/Estamos-em-greve.jpg\"><img loading=\"lazy\" decoding=\"async\" aria-describedby=\"caption-attachment-33302\" class=\"size-medium wp-image-33302\" title=\"Estamos em greve\" src=\"http:\/\/senoticias.com.br\/se\/wp-content\/uploads\/2012\/05\/Estamos-em-greve-300x300.jpg\" alt=\"\" width=\"300\" height=\"300\" srcset=\"https:\/\/senoticias.com.br\/se\/wp-content\/uploads\/2012\/05\/Estamos-em-greve-300x300.jpg 300w, https:\/\/senoticias.com.br\/se\/wp-content\/uploads\/2012\/05\/Estamos-em-greve-150x150.jpg 150w, https:\/\/senoticias.com.br\/se\/wp-content\/uploads\/2012\/05\/Estamos-em-greve-50x50.jpg 50w, https:\/\/senoticias.com.br\/se\/wp-content\/uploads\/2012\/05\/Estamos-em-greve-70x70.jpg 70w, https:\/\/senoticias.com.br\/se\/wp-content\/uploads\/2012\/05\/Estamos-em-greve-55x55.jpg 55w, https:\/\/senoticias.com.br\/se\/wp-content\/uploads\/2012\/05\/Estamos-em-greve.jpg 320w\" sizes=\"(max-width: 300px) 100vw, 300px\" \/><\/a><p id=\"caption-attachment-33302\" class=\"wp-caption-text\">Foto meramente ilustrativa\/Reprodu\u00e7\u00e3o<\/p><\/div>\n<p style=\"text-align: justify;\">A prefeitura municipal de Canind\u00e9 de S\u00e3o Francisco (SE), ajuizou A\u00e7\u00e3o na justi\u00e7a pedindo a ilegalidade da greve dos professores, e o pedido foi deferido.<\/p>\n<p style=\"text-align: justify;\">Com a decis\u00e3o judicial, os profissionais da Educa\u00e7\u00e3o do munic\u00edpio estar\u00e3o retornando na segunda-feira (28) suas atividades profissionais, interrompendo o movimento paredista que teve in\u00edcio no dia 23 de abril, reivindicando o piso nacional da categoria com valores retroativos a janeiro deste ano.<\/p>\n<p style=\"text-align: justify;\">A proposta apresentada pela Prefeitura foi o pagamento de 22% para todos os profissionais do magist\u00e9rio a partir de maio deste ano, e do retroativo (de janeiro a abril de 2012) para todos os profissionais do magist\u00e9rio que recebem sal\u00e1rio base inferior a R$ 1.451,00, proposta n\u00e3o aceita pelo Sindicato da categoria, que reivindica o piso nacional e o pagamento do retroativo para todos os n\u00edveis.<\/p>\n<p style=\"text-align: justify;\">O sindicato informa que os professores v\u00e3o retornar na segunda, mas que continuar\u00e3o o movimento reivindicat\u00f3rio pelo pagamento do retroativo e por melhores condi\u00e7\u00f5es de trabalho.<\/p>\n<p style=\"text-align: justify;\">A n\u00e3o obedi\u00eancia \u00e0 decis\u00e3o judicial incide multa di\u00e1ria no valor de R$ 5.000,00 (cinco mil reais), deferida pelo Desembargador Edson Ulisses de Melo.<\/p>\n<p><a href=\" http:\/\/r2noticias.com.br\/portal\/?pg=noticia&amp;id=2422\" target=\"_blank\"><span style=\"color: #333399;\"><strong>Portal R2<\/strong><\/span><\/a><\/p>\n","protected":false},"excerpt":{"rendered":"<p>A prefeitura municipal de Canind\u00e9 de S\u00e3o Francisco (SE), ajuizou A\u00e7\u00e3o na justi\u00e7a pedindo a ilegalidade da greve dos professores, e o pedido foi deferido. Com a decis\u00e3o judicial, os profissionais da Educa\u00e7\u00e3o do munic\u00edpio estar\u00e3o retornando na segunda-feira (28) suas atividades profissionais, interrompendo o movimento paredista que teve in\u00edcio no dia 23 de abril, [&hellip;]<\/p>\n","protected":false},"author":3,"featured_media":33302,"comment_status":"closed","ping_status":"closed","sticky":false,"template":"","format":"standard","meta":{"footnotes":""},"categories":[44,26],"tags":[],"class_list":{"0":"post-33298","1":"post","2":"type-post","3":"status-publish","4":"format-standard","5":"has-post-thumbnail","7":"category-educacao","8":"category-esportes"},"_links":{"self":[{"href":"https:\/\/senoticias.com.br\/se\/wp-json\/wp\/v2\/posts\/33298"}],"collection":[{"href":"https:\/\/senoticias.com.br\/se\/wp-json\/wp\/v2\/posts"}],"about":[{"href":"https:\/\/senoticias.com.br\/se\/wp-json\/wp\/v2\/types\/post"}],"author":[{"embeddable":true,"href":"https:\/\/senoticias.com.br\/se\/wp-json\/wp\/v2\/users\/3"}],"replies":[{"embeddable":true,"href":"https:\/\/senoticias.com.br\/se\/wp-json\/wp\/v2\/comments?post=33298"}],"version-history":[{"count":0,"href":"https:\/\/senoticias.com.br\/se\/wp-json\/wp\/v2\/posts\/33298\/revisions"}],"wp:featuredmedia":[{"embeddable":true,"href":"https:\/\/senoticias.com.br\/se\/wp-json\/wp\/v2\/media\/33302"}],"wp:attachment":[{"href":"https:\/\/senoticias.com.br\/se\/wp-json\/wp\/v2\/media?parent=33298"}],"wp:term":[{"taxonomy":"category","embeddable":true,"href":"https:\/\/senoticias.com.br\/se\/wp-json\/wp\/v2\/categories?post=33298"},{"taxonomy":"post_tag","embeddable":true,"href":"https:\/\/senoticias.com.br\/se\/wp-json\/wp\/v2\/tags?post=33298"}],"curies":[{"name":"wp","href":"https:\/\/api.w.org\/{rel}","templated":true}]}}