{"id":33280,"date":"2012-05-26T17:11:02","date_gmt":"2012-05-26T20:11:02","guid":{"rendered":"http:\/\/senoticias.com.br\/se\/?p=33280"},"modified":"2012-05-26T17:11:16","modified_gmt":"2012-05-26T20:11:16","slug":"getam-apreende-tres-armas-de-fogo-em-menos-de-24-horas","status":"publish","type":"post","link":"https:\/\/senoticias.com.br\/se\/getam-apreende-tres-armas-de-fogo-em-menos-de-24-horas\/","title":{"rendered":"Getam apreende tr\u00eas armas de fogo em menos de 24 horas"},"content":{"rendered":"<p style=\"text-align: justify;\"><a href=\"http:\/\/senoticias.com.br\/se\/wp-content\/uploads\/2012\/05\/img4fc12ac446d2e.jpg\"><img loading=\"lazy\" decoding=\"async\" class=\"alignleft size-medium wp-image-33281\" title=\"img4fc12ac446d2e\" src=\"http:\/\/senoticias.com.br\/se\/wp-content\/uploads\/2012\/05\/img4fc12ac446d2e-300x225.jpg\" alt=\"\" width=\"300\" height=\"225\" srcset=\"https:\/\/senoticias.com.br\/se\/wp-content\/uploads\/2012\/05\/img4fc12ac446d2e-300x225.jpg 300w, https:\/\/senoticias.com.br\/se\/wp-content\/uploads\/2012\/05\/img4fc12ac446d2e-342x256.jpg 342w, https:\/\/senoticias.com.br\/se\/wp-content\/uploads\/2012\/05\/img4fc12ac446d2e-60x45.jpg 60w, https:\/\/senoticias.com.br\/se\/wp-content\/uploads\/2012\/05\/img4fc12ac446d2e-150x113.jpg 150w, https:\/\/senoticias.com.br\/se\/wp-content\/uploads\/2012\/05\/img4fc12ac446d2e-269x201.jpg 269w, https:\/\/senoticias.com.br\/se\/wp-content\/uploads\/2012\/05\/img4fc12ac446d2e.jpg 640w\" sizes=\"(max-width: 300px) 100vw, 300px\" \/><\/a>A Pol\u00edcia Militar de Sergipe, atrav\u00e9s do Grupamento Especial T\u00e1tico de Motos (Getam), retirou de circula\u00e7\u00e3o tr\u00eas armas de fogo em menos de 24 horas. A primeira apreens\u00e3o ocorreu por volta das 11h da sexta-feira, 25, quando a guarni\u00e7\u00e3o \u2018Escorpi\u00e3o 05\u2019 fazia rondas no bairro Jap\u00e3ozinho, na localidade conhecida como \u201cPonta da Asa\u201d.<\/p>\n<p style=\"text-align: justify;\">Na ocasi\u00e3o, a PM deteve o fugitivo da justi\u00e7a Lucas Santos Nascimento, de 26 anos, e com ele apreendeu um rev\u00f3lver calibre 38 com quatro muni\u00e7\u00f5es, uma pequena quantidade de crack e maconha. Atrav\u00e9s de consulta, foi constatado que em desfavor de Lucas havia um mandado de pris\u00e3o em aberto.<\/p>\n<p style=\"text-align: justify;\">Na noite do dia 25, a equipe \u2018Escorpi\u00e3o 06\u2019 recuperou mais uma motoneta roubada. O flagrante aconteceu na rua Renato Fonseca de Oliveira, no bairro Coroa do Meio. Em abordagens de rotina a motociclistas, o Getam abordou Diego Martins da Costa, de 21 anos, que estava pilotando uma motoneta de marca Shineray, modelo Phoenix, de cor prata, com restri\u00e7\u00e3o de roubo.<\/p>\n<p style=\"text-align: justify;\">J\u00e1 na madrugada deste s\u00e1bado, 26, na rua Francisco Portugal, em Aracaju, a guarni\u00e7\u00e3o \u2018Escorpi\u00e3o 06\u2019 foi acionada via r\u00e1dio para atender uma ocorr\u00eancia envolvendo um policial militar em troca de tiros. Ao chegar ao local, a equipe inteirou-se de que se tratava do tenente Mendon\u00e7a, o qual fora alvejado na perna e nas costas em uma tentativa de assalto. A esposa do militar, a senhora Damiana Coroado Mendon\u00e7a, 28 anos, tamb\u00e9m foi baleada, no ouvido e pesco\u00e7o, mas n\u00e3o resistiu aos ferimentos e morreu no local.<\/p>\n<p style=\"text-align: justify;\">Allan Santos, de 28 anos, e outro comparsa, ainda n\u00e3o identificado, tentaram assaltar o carro do militar e o policial reagiu, atingindo Allan na boca. Tenente Mendon\u00e7a foi encaminhado ao Hospital S\u00e3o Lucas enquanto Allan seguiu para o Hospital de Urg\u00eancia de Sergipe (Huse), escoltado pela equipe do cabo Ibisson. O acusado recebeu alta e foi conduzido \u00e0 Delegacia Plantonista. Um flanelinha, supostamente envolvido no crime, tamb\u00e9m foi levado \u00e0 Deplan na madrugada de hoje para fins de apura\u00e7\u00e3o.<\/p>\n<p style=\"text-align: justify;\">A terceira arma de fogo foi localizada na manh\u00e3 deste s\u00e1bado, fruto de abordagens realizadas pela guarni\u00e7\u00e3o \u2018Escorpi\u00e3o 09\u2019. Robson Gon\u00e7alo da Silva, de 18 anos, foi preso em poder de um rev\u00f3lver calibre 38 com tr\u00eas muni\u00e7\u00f5es intactas, na avenida Jo\u00e3o Rodrigues, no bairro Industrial, pr\u00f3ximo \u00e0 ponte Aracaju\/Barra dos Coqueiros. Ao notar a presen\u00e7a da PM, o indiv\u00edduo tentou fugir, mas acabou detido pelo Getam, que constatou, em meio a consultas, que Robson fora beneficiado em dezembro de 2011 pela progress\u00e3o de pena do regime semi-aberto para o regime aberto.<\/p>\n<p style=\"text-align: justify;\">Ascom\/PM<\/p>\n","protected":false},"excerpt":{"rendered":"<p>A Pol\u00edcia Militar de Sergipe, atrav\u00e9s do Grupamento Especial T\u00e1tico de Motos (Getam), retirou de circula\u00e7\u00e3o tr\u00eas armas de fogo em menos de 24 horas. A primeira apreens\u00e3o ocorreu por volta das 11h da sexta-feira, 25, quando a guarni\u00e7\u00e3o \u2018Escorpi\u00e3o 05\u2019 fazia rondas no bairro Jap\u00e3ozinho, na localidade conhecida como \u201cPonta da Asa\u201d. Na ocasi\u00e3o, [&hellip;]<\/p>\n","protected":false},"author":3,"featured_media":33281,"comment_status":"closed","ping_status":"closed","sticky":false,"template":"","format":"standard","meta":{"footnotes":""},"categories":[7],"tags":[],"class_list":{"0":"post-33280","1":"post","2":"type-post","3":"status-publish","4":"format-standard","5":"has-post-thumbnail","7":"category-policia"},"_links":{"self":[{"href":"https:\/\/senoticias.com.br\/se\/wp-json\/wp\/v2\/posts\/33280"}],"collection":[{"href":"https:\/\/senoticias.com.br\/se\/wp-json\/wp\/v2\/posts"}],"about":[{"href":"https:\/\/senoticias.com.br\/se\/wp-json\/wp\/v2\/types\/post"}],"author":[{"embeddable":true,"href":"https:\/\/senoticias.com.br\/se\/wp-json\/wp\/v2\/users\/3"}],"replies":[{"embeddable":true,"href":"https:\/\/senoticias.com.br\/se\/wp-json\/wp\/v2\/comments?post=33280"}],"version-history":[{"count":0,"href":"https:\/\/senoticias.com.br\/se\/wp-json\/wp\/v2\/posts\/33280\/revisions"}],"wp:featuredmedia":[{"embeddable":true,"href":"https:\/\/senoticias.com.br\/se\/wp-json\/wp\/v2\/media\/33281"}],"wp:attachment":[{"href":"https:\/\/senoticias.com.br\/se\/wp-json\/wp\/v2\/media?parent=33280"}],"wp:term":[{"taxonomy":"category","embeddable":true,"href":"https:\/\/senoticias.com.br\/se\/wp-json\/wp\/v2\/categories?post=33280"},{"taxonomy":"post_tag","embeddable":true,"href":"https:\/\/senoticias.com.br\/se\/wp-json\/wp\/v2\/tags?post=33280"}],"curies":[{"name":"wp","href":"https:\/\/api.w.org\/{rel}","templated":true}]}}