{"id":33274,"date":"2012-05-26T16:54:08","date_gmt":"2012-05-26T19:54:08","guid":{"rendered":"http:\/\/senoticias.com.br\/se\/?p=33274"},"modified":"2012-05-27T14:45:14","modified_gmt":"2012-05-27T17:45:14","slug":"33274","status":"publish","type":"post","link":"https:\/\/senoticias.com.br\/se\/33274\/","title":{"rendered":"PMDB realiza curso para mais de 400 filiados dos 75 munic\u00edpios sergipanos"},"content":{"rendered":"<p style=\"text-align: justify;\"><a href=\"http:\/\/senoticias.com.br\/se\/wp-content\/uploads\/2012\/05\/FUG-33.jpg\"><img loading=\"lazy\" decoding=\"async\" class=\"alignleft size-medium wp-image-33275\" title=\"Encontro PMDB\" src=\"http:\/\/senoticias.com.br\/se\/wp-content\/uploads\/2012\/05\/FUG-33-300x225.jpg\" alt=\"\" width=\"300\" height=\"225\" srcset=\"https:\/\/senoticias.com.br\/se\/wp-content\/uploads\/2012\/05\/FUG-33-300x225.jpg 300w, https:\/\/senoticias.com.br\/se\/wp-content\/uploads\/2012\/05\/FUG-33-342x256.jpg 342w, https:\/\/senoticias.com.br\/se\/wp-content\/uploads\/2012\/05\/FUG-33-60x45.jpg 60w, https:\/\/senoticias.com.br\/se\/wp-content\/uploads\/2012\/05\/FUG-33-150x113.jpg 150w, https:\/\/senoticias.com.br\/se\/wp-content\/uploads\/2012\/05\/FUG-33-269x201.jpg 269w, https:\/\/senoticias.com.br\/se\/wp-content\/uploads\/2012\/05\/FUG-33.jpg 768w\" sizes=\"(max-width: 300px) 100vw, 300px\" \/><\/a>Dando continuidade ao Programa de Forma\u00e7\u00e3o Pol\u00edtica que a Funda\u00e7\u00e3o Ulysses Guimar\u00e3es (FUG) realiza em todo o Brasil, o PMDB de Sergipe reuniu hoje 26\/5,\u00a0 mais de <strong>400 filiados, de todos os 75<\/strong> munic\u00edpios sergipanos, para mais uma etapa de prepara\u00e7\u00e3o: o curso de Dic\u00e7\u00e3o e Orat\u00f3ria, realizado no audit\u00f3rio do Hotel Aqu\u00e1rios. Com dura\u00e7\u00e3o de um dia, a a\u00e7\u00e3o mobilizou pol\u00edticos de todo o estado.<\/p>\n<p style=\"text-align: justify;\">O presidente estadual do PMDB em Sergipe, Jackson Barreto, ressaltou que a sigla \u00e9 a \u00fanica que realiza cursos de forma\u00e7\u00e3o pol\u00edtica \u2013 sendo que eles s\u00e3o fundamentais para o aprendizado dos pr\u00e9-candidatos. \u201cEsses cursos fazem as pessoas entenderem melhor o papel de vereadores e prefeitos, ajudando a construir na cabe\u00e7a dos candidatos a sua responsabilidade enquanto gestores p\u00fablicos e preparando nossos quadros para a administra\u00e7\u00e3o municipal\u201d, disse Jackson, que ficou impressionado com o grande n\u00famero de lideran\u00e7as participando do evento.<\/p>\n<p style=\"text-align: justify;\">Jackson Barreto avaliou que atrav\u00e9s dos cursos os peemedebistas tomam consci\u00eancia do programa do partido, para que possam coloc\u00e1-lo em pr\u00e1tica assim que chegarem aos cargos. \u201cEst\u00e1 de parab\u00e9ns o presidente da nossa Funda\u00e7\u00e3o, Jorge Alberto, porque essas a\u00e7\u00f5es contribuem para a conscientiza\u00e7\u00e3o de jovens e cidad\u00e3os, para que possam cobrar e exercer melhor o poder p\u00fablico. O PMDB sai na frente, organizado e mostrando que est\u00e1 crescendo\u201d, falou JB.<\/p>\n<div id=\"attachment_33319\" style=\"width: 310px\" class=\"wp-caption alignleft\"><a href=\"http:\/\/senoticias.com.br\/se\/wp-content\/uploads\/2012\/05\/582501_396322977076467_100000963053696_1117750_2104495843_n.jpg\"><img loading=\"lazy\" decoding=\"async\" aria-describedby=\"caption-attachment-33319\" class=\"size-medium wp-image-33319\" title=\"\" src=\"http:\/\/senoticias.com.br\/se\/wp-content\/uploads\/2012\/05\/582501_396322977076467_100000963053696_1117750_2104495843_n-300x225.jpg\" alt=\"\" width=\"300\" height=\"225\" srcset=\"https:\/\/senoticias.com.br\/se\/wp-content\/uploads\/2012\/05\/582501_396322977076467_100000963053696_1117750_2104495843_n-300x225.jpg 300w, https:\/\/senoticias.com.br\/se\/wp-content\/uploads\/2012\/05\/582501_396322977076467_100000963053696_1117750_2104495843_n-342x256.jpg 342w, https:\/\/senoticias.com.br\/se\/wp-content\/uploads\/2012\/05\/582501_396322977076467_100000963053696_1117750_2104495843_n-60x45.jpg 60w, https:\/\/senoticias.com.br\/se\/wp-content\/uploads\/2012\/05\/582501_396322977076467_100000963053696_1117750_2104495843_n-150x113.jpg 150w, https:\/\/senoticias.com.br\/se\/wp-content\/uploads\/2012\/05\/582501_396322977076467_100000963053696_1117750_2104495843_n-269x201.jpg 269w, https:\/\/senoticias.com.br\/se\/wp-content\/uploads\/2012\/05\/582501_396322977076467_100000963053696_1117750_2104495843_n.jpg 768w\" sizes=\"(max-width: 300px) 100vw, 300px\" \/><\/a><p id=\"caption-attachment-33319\" class=\"wp-caption-text\">Wanderl\u00ea, Jackson Barreto e Marcos Santana na solenidade de abertura do curso se forma\u00e7\u00e3o pol\u00edtica para candidatos do PMDB \/ Reprodu\u00e7\u00e3o<\/p><\/div>\n<p style=\"text-align: justify;\">Na abertura do evento o presidente da FUG em Sergipe, Jorge Alberto, destacou a import\u00e2ncia dos cursos realizados e apresentou uma premia\u00e7\u00e3o que a FUG de Sergipe recebeu, por ter obtido o primeiro lugar no Nordeste em n\u00famero de alunos que participaram do Programa de Forma\u00e7\u00e3o Pol\u00edtica: foram mais de tr\u00eas mil pol\u00edticos, estudantes , lideran\u00e7as e cidad\u00e3os que participaram .<\/p>\n<p style=\"text-align: justify;\">O programa est\u00e1 presente em todas as macrorregi\u00f5es do estado, e de acordo com Jorge Alberto, existe uma determina\u00e7\u00e3o nacional do PMDB para que todos os pr\u00e9-candidatos da sigla participem dos cursos. \u201cIsso mostra a disposi\u00e7\u00e3o do partido em evoluir e melhorar a qualifica\u00e7\u00e3o dos seus quadros. Assim o PMDB larga na frente, preparando nossas lideran\u00e7as nestes cursos, que s\u00e3o fruto de um conv\u00eanio com as universidades de Bras\u00edlia e do Rio Grande do Sul\u201d, disse o presidente Jorge Alberto.<\/p>\n<p style=\"text-align: justify;\"><span style=\"color: #666699;\"><em><strong>Da Assessoria de Imprensa<\/strong><\/em><\/span><\/p>\n","protected":false},"excerpt":{"rendered":"<p>Dando continuidade ao Programa de Forma\u00e7\u00e3o Pol\u00edtica que a Funda\u00e7\u00e3o Ulysses Guimar\u00e3es (FUG) realiza em todo o Brasil, o PMDB de Sergipe reuniu hoje 26\/5,\u00a0 mais de 400 filiados, de todos os 75 munic\u00edpios sergipanos, para mais uma etapa de prepara\u00e7\u00e3o: o curso de Dic\u00e7\u00e3o e Orat\u00f3ria, realizado no audit\u00f3rio do Hotel Aqu\u00e1rios. Com dura\u00e7\u00e3o [&hellip;]<\/p>\n","protected":false},"author":3,"featured_media":33319,"comment_status":"closed","ping_status":"closed","sticky":false,"template":"","format":"standard","meta":{"footnotes":""},"categories":[6],"tags":[],"class_list":{"0":"post-33274","1":"post","2":"type-post","3":"status-publish","4":"format-standard","5":"has-post-thumbnail","7":"category-politica"},"_links":{"self":[{"href":"https:\/\/senoticias.com.br\/se\/wp-json\/wp\/v2\/posts\/33274"}],"collection":[{"href":"https:\/\/senoticias.com.br\/se\/wp-json\/wp\/v2\/posts"}],"about":[{"href":"https:\/\/senoticias.com.br\/se\/wp-json\/wp\/v2\/types\/post"}],"author":[{"embeddable":true,"href":"https:\/\/senoticias.com.br\/se\/wp-json\/wp\/v2\/users\/3"}],"replies":[{"embeddable":true,"href":"https:\/\/senoticias.com.br\/se\/wp-json\/wp\/v2\/comments?post=33274"}],"version-history":[{"count":0,"href":"https:\/\/senoticias.com.br\/se\/wp-json\/wp\/v2\/posts\/33274\/revisions"}],"wp:featuredmedia":[{"embeddable":true,"href":"https:\/\/senoticias.com.br\/se\/wp-json\/wp\/v2\/media\/33319"}],"wp:attachment":[{"href":"https:\/\/senoticias.com.br\/se\/wp-json\/wp\/v2\/media?parent=33274"}],"wp:term":[{"taxonomy":"category","embeddable":true,"href":"https:\/\/senoticias.com.br\/se\/wp-json\/wp\/v2\/categories?post=33274"},{"taxonomy":"post_tag","embeddable":true,"href":"https:\/\/senoticias.com.br\/se\/wp-json\/wp\/v2\/tags?post=33274"}],"curies":[{"name":"wp","href":"https:\/\/api.w.org\/{rel}","templated":true}]}}