{"id":33260,"date":"2012-05-26T14:09:03","date_gmt":"2012-05-26T17:09:03","guid":{"rendered":"http:\/\/senoticias.com.br\/se\/?p=33260"},"modified":"2012-05-28T15:15:37","modified_gmt":"2012-05-28T18:15:37","slug":"mulher-de-tenente-da-pm-e-morta-durante-assalto-em-aracaju","status":"publish","type":"post","link":"https:\/\/senoticias.com.br\/se\/mulher-de-tenente-da-pm-e-morta-durante-assalto-em-aracaju\/","title":{"rendered":"Mulher de tenente da PM \u00e9 morta durante assalto em Aracaju"},"content":{"rendered":"<div id=\"attachment_33261\" style=\"width: 235px\" class=\"wp-caption alignleft\"><a href=\"http:\/\/senoticias.com.br\/se\/wp-content\/uploads\/2012\/05\/materia-damiana_tenente_260512.jpg\"><img loading=\"lazy\" decoding=\"async\" aria-describedby=\"caption-attachment-33261\" class=\"size-full wp-image-33261\" title=\"materia-damiana_tenente_260512\" src=\"http:\/\/senoticias.com.br\/se\/wp-content\/uploads\/2012\/05\/materia-damiana_tenente_260512.jpg\" alt=\"\" width=\"225\" height=\"169\" srcset=\"https:\/\/senoticias.com.br\/se\/wp-content\/uploads\/2012\/05\/materia-damiana_tenente_260512.jpg 225w, https:\/\/senoticias.com.br\/se\/wp-content\/uploads\/2012\/05\/materia-damiana_tenente_260512-60x45.jpg 60w, https:\/\/senoticias.com.br\/se\/wp-content\/uploads\/2012\/05\/materia-damiana_tenente_260512-150x113.jpg 150w\" sizes=\"(max-width: 225px) 100vw, 225px\" \/><\/a><p id=\"caption-attachment-33261\" class=\"wp-caption-text\">Natural de Bras\u00edlia, a jovem morava em Aracaju h\u00e1 cinco meses. (Reprodu\u00e7\u00e3o Facebook)<\/p><\/div>\n<p style=\"text-align: justify;\">Na madrugada deste s\u00e1bado, 26, por volta das 2h30, o tenente Mateus Mendon\u00e7a e sua esposa, identificada como Damiana Coroado Mendon\u00e7a, 28 anos, foram baleados em uma tentativa de assalto nas proximidades da Avenida Francisco Porto, zona sul da capital. De acordo com informa\u00e7\u00f5es da Delegacia Plantonista, o tenente est\u00e1 internado em um hospital e a sua esposa, que n\u00e3o resistiu aos ferimentos, faleceu no local.<\/p>\n<p>Assim que saiu de um restaurante da localidade, j\u00e1 dentro do carro, na rua Francisco Portugal, o casal foi surpreendido pela a\u00e7\u00e3o dos bandidos que os cercaram pelo lado do motorista e do carona. O tenente reagiu ao assalto e na troca de tiros, foi ferido nas costas e na perna, enquanto sua esposa foi atingida no pesco\u00e7o e no ouvido.<\/p>\n<p style=\"text-align: justify;\">Uma testemunha, que preferiu n\u00e3o se identificar, comentou que os tiros assustaram os moradores e os clientes dos bares da localidade. &#8220;Durante a madrugada, ouvi os tiros e sa\u00ed assustada para ver o que tinha acontecido. Quando cheguei l\u00e1, vi a afli\u00e7\u00e3o do tenente que gritava desesperadamente por socorro&#8221;, conta.<\/p>\n<p style=\"text-align: justify;\">Ainda de acordo com a testemunha, um dos bandidos saiu andando, enquanto o outro, foi pedir ajuda em um bar informando que tinha sido assaltado. &#8220;Confusos com a situa\u00e7\u00e3o, as pessoas chamaram o Servi\u00e7o M\u00f3vel de Atendimento de Urg\u00eancia (Samu) que prestou os primeiros socorros ao homem no local&#8221;, descreve.<\/p>\n<p style=\"text-align: justify;\">Segundo informa\u00e7\u00f5es da Plantonista, um dos assaltantes, identificado como Allan Santos, foi atingido com um tiro na boca e permanece internado no Hospital de Urg\u00eancia de Sergipe (Huse). O outro, ainda n\u00e3o identificado, foi capturado horas depois por policiais da R\u00e1dio Patrulha (RP) no conjunto Jo\u00e3o Alves, em Nossa Senhora do Socorro.<\/p>\n<p style=\"text-align: justify;\"><span style=\"color: #666699;\"><em><strong>SE Not\u00edcias informa\u00e7\u00f5es de Verlane Est\u00e1cio e Aisla Vasconcelos &#8211; Infonet<\/strong><\/em><\/span><\/p>\n","protected":false},"excerpt":{"rendered":"<p>Na madrugada deste s\u00e1bado, 26, por volta das 2h30, o tenente Mateus Mendon\u00e7a e sua esposa, identificada como Damiana Coroado Mendon\u00e7a, 28 anos, foram baleados em uma tentativa de assalto nas proximidades da Avenida Francisco Porto, zona sul da capital. De acordo com informa\u00e7\u00f5es da Delegacia Plantonista, o tenente est\u00e1 internado em um hospital e [&hellip;]<\/p>\n","protected":false},"author":3,"featured_media":33261,"comment_status":"closed","ping_status":"closed","sticky":false,"template":"","format":"standard","meta":{"footnotes":""},"categories":[7],"tags":[],"class_list":{"0":"post-33260","1":"post","2":"type-post","3":"status-publish","4":"format-standard","5":"has-post-thumbnail","7":"category-policia"},"_links":{"self":[{"href":"https:\/\/senoticias.com.br\/se\/wp-json\/wp\/v2\/posts\/33260"}],"collection":[{"href":"https:\/\/senoticias.com.br\/se\/wp-json\/wp\/v2\/posts"}],"about":[{"href":"https:\/\/senoticias.com.br\/se\/wp-json\/wp\/v2\/types\/post"}],"author":[{"embeddable":true,"href":"https:\/\/senoticias.com.br\/se\/wp-json\/wp\/v2\/users\/3"}],"replies":[{"embeddable":true,"href":"https:\/\/senoticias.com.br\/se\/wp-json\/wp\/v2\/comments?post=33260"}],"version-history":[{"count":0,"href":"https:\/\/senoticias.com.br\/se\/wp-json\/wp\/v2\/posts\/33260\/revisions"}],"wp:featuredmedia":[{"embeddable":true,"href":"https:\/\/senoticias.com.br\/se\/wp-json\/wp\/v2\/media\/33261"}],"wp:attachment":[{"href":"https:\/\/senoticias.com.br\/se\/wp-json\/wp\/v2\/media?parent=33260"}],"wp:term":[{"taxonomy":"category","embeddable":true,"href":"https:\/\/senoticias.com.br\/se\/wp-json\/wp\/v2\/categories?post=33260"},{"taxonomy":"post_tag","embeddable":true,"href":"https:\/\/senoticias.com.br\/se\/wp-json\/wp\/v2\/tags?post=33260"}],"curies":[{"name":"wp","href":"https:\/\/api.w.org\/{rel}","templated":true}]}}