{"id":33256,"date":"2012-05-26T06:59:02","date_gmt":"2012-05-26T09:59:02","guid":{"rendered":"http:\/\/senoticias.com.br\/se\/?p=33256"},"modified":"2012-05-26T06:59:35","modified_gmt":"2012-05-26T09:59:35","slug":"policia-de-propria-prende-quadrilha-de-assaltantes-que-agiu-em-alagoas","status":"publish","type":"post","link":"https:\/\/senoticias.com.br\/se\/policia-de-propria-prende-quadrilha-de-assaltantes-que-agiu-em-alagoas\/","title":{"rendered":"Pol\u00edcia de Propri\u00e1 prende quadrilha de assaltantes que agiu em Alagoas"},"content":{"rendered":"<p style=\"text-align: justify;\">Policiais civis da delegacia regional da cidade de Propri\u00e1 efetuaram a pris\u00e3o, em flagrante, de Glauber Lemos dos Anjos, vulgo &#8220;Glauber&#8221;, Lu\u00eds Ant\u00f4nio Munis Ferreira J\u00fanior, Ranes Adelson de Oliveira, o &#8220;Ranes&#8221; e Rafael Henrique Carneiro de Oliveira.<\/p>\n<p style=\"text-align: justify;\">Os quatro foram indiciados por forma\u00e7\u00e3o de quadrilha, porte ilegal de arma de fogo e furto qualificado. Na quarta-feira (23) a Pol\u00edcia Civil de Propri\u00e1 foi informada por policiais da cidade alagoana de Porto Real do Col\u00e9gio sobre o registro de um arrombamento de uma casa lot\u00e9rica, onde na oportunidade foi subtra\u00edda a quantia de R$ 10.000,00.<\/p>\n<p style=\"text-align: justify;\">A partir da\u00ed os policiais sergipanos come\u00e7aram a realizar dilig\u00eancias e receberam a informa\u00e7\u00e3o de que havia quatro indiv\u00edduos em atitude suspeita hospedados na Pousada Manah II, localizada nas proximidades da ponte que d\u00e1 acesso ao estado de Alagoas.<\/p>\n<p style=\"text-align: justify;\">&#8220;Nos deslocamos at\u00e9 o local e foi montada uma campana, aproximadamente uma hora ap\u00f3s nossa chegada, dois indiv\u00edduos sa\u00edram em um ve\u00edculo Siena de cor Branca com placa da Para\u00edba. A partir da\u00ed, iniciamos uma persegui\u00e7\u00e3o e conseguimos intercept\u00e1-los no centro de Propri\u00e1&#8221;, destacou o delegado F\u00e1bio Santana.<\/p>\n<p style=\"text-align: justify;\">Ap\u00f3s a abordagem e revista no interior do ve\u00edculo foi encontrada uma certa quantidade de dinheiro, ferramentas utilizadas no arrombamento, uma pistola calibre 380 municiada, al\u00e9m de diversas roupas novas. Os policiais ent\u00e3o voltaram para a pousada e l\u00e1 apreenderam mais dinheiro e efetuaram a pris\u00e3o dos demais criminosos.<\/p>\n<p style=\"text-align: justify;\">Ao chegar na delegacia os conduzidos confessaram a pr\u00e1tica do crime e informaram ser naturais do estado de Pernambuco. &#8220;Essa quadrilha \u00e9 suspeita de v\u00e1rios assaltos realizados em Alagoas e ap\u00f3s a formliza\u00e7\u00e3o da lavratura do flagrante seus membros ser\u00e3o encaminhados para que fiquem \u00e0 disposi\u00e7ao da justi\u00e7a alagoana. A pris\u00e3o contou com o apoio da pol\u00edcia de Porto Real do Col\u00e9gio&#8221;, finalizou o delegado.<\/p>\n<p style=\"text-align: justify;\"><span style=\"color: #666699;\"><em><strong>Cada Minuto<\/strong><\/em><\/span><\/p>\n","protected":false},"excerpt":{"rendered":"<p>Policiais civis da delegacia regional da cidade de Propri\u00e1 efetuaram a pris\u00e3o, em flagrante, de Glauber Lemos dos Anjos, vulgo &#8220;Glauber&#8221;, Lu\u00eds Ant\u00f4nio Munis Ferreira J\u00fanior, Ranes Adelson de Oliveira, o &#8220;Ranes&#8221; e Rafael Henrique Carneiro de Oliveira. Os quatro foram indiciados por forma\u00e7\u00e3o de quadrilha, porte ilegal de arma de fogo e furto qualificado. [&hellip;]<\/p>\n","protected":false},"author":2,"featured_media":0,"comment_status":"closed","ping_status":"closed","sticky":false,"template":"","format":"standard","meta":{"footnotes":""},"categories":[1],"tags":[],"class_list":{"0":"post-33256","1":"post","2":"type-post","3":"status-publish","4":"format-standard","6":"category-sem-categoria"},"_links":{"self":[{"href":"https:\/\/senoticias.com.br\/se\/wp-json\/wp\/v2\/posts\/33256"}],"collection":[{"href":"https:\/\/senoticias.com.br\/se\/wp-json\/wp\/v2\/posts"}],"about":[{"href":"https:\/\/senoticias.com.br\/se\/wp-json\/wp\/v2\/types\/post"}],"author":[{"embeddable":true,"href":"https:\/\/senoticias.com.br\/se\/wp-json\/wp\/v2\/users\/2"}],"replies":[{"embeddable":true,"href":"https:\/\/senoticias.com.br\/se\/wp-json\/wp\/v2\/comments?post=33256"}],"version-history":[{"count":0,"href":"https:\/\/senoticias.com.br\/se\/wp-json\/wp\/v2\/posts\/33256\/revisions"}],"wp:attachment":[{"href":"https:\/\/senoticias.com.br\/se\/wp-json\/wp\/v2\/media?parent=33256"}],"wp:term":[{"taxonomy":"category","embeddable":true,"href":"https:\/\/senoticias.com.br\/se\/wp-json\/wp\/v2\/categories?post=33256"},{"taxonomy":"post_tag","embeddable":true,"href":"https:\/\/senoticias.com.br\/se\/wp-json\/wp\/v2\/tags?post=33256"}],"curies":[{"name":"wp","href":"https:\/\/api.w.org\/{rel}","templated":true}]}}