{"id":33243,"date":"2012-05-25T23:09:30","date_gmt":"2012-05-26T02:09:30","guid":{"rendered":"http:\/\/senoticias.com.br\/se\/?p=33243"},"modified":"2012-05-27T14:33:30","modified_gmt":"2012-05-27T17:33:30","slug":"campanha-de-vacinacao-contra-gripe-e-prorrogada-ate-1%c2%ba-de-junho","status":"publish","type":"post","link":"https:\/\/senoticias.com.br\/se\/campanha-de-vacinacao-contra-gripe-e-prorrogada-ate-1%c2%ba-de-junho\/","title":{"rendered":"Campanha de vacina\u00e7\u00e3o contra gripe \u00e9 prorrogada at\u00e9 1\u00ba de junho"},"content":{"rendered":"<p style=\"text-align: justify;\"><a href=\"http:\/\/senoticias.com.br\/se\/wp-content\/uploads\/2012\/05\/Gripe.jpg\"><img loading=\"lazy\" decoding=\"async\" class=\"alignleft size-full wp-image-31517\" title=\"Gripe\" src=\"http:\/\/senoticias.com.br\/se\/wp-content\/uploads\/2012\/05\/Gripe.jpg\" alt=\"\" width=\"266\" height=\"190\" srcset=\"https:\/\/senoticias.com.br\/se\/wp-content\/uploads\/2012\/05\/Gripe.jpg 266w, https:\/\/senoticias.com.br\/se\/wp-content\/uploads\/2012\/05\/Gripe-90x65.jpg 90w\" sizes=\"(max-width: 266px) 100vw, 266px\" \/><\/a>Os brasileiros que ainda n\u00e3o se vacinaram contra a gripe ganharam uma chance de corrigir esse erro. A campanha de vacina\u00e7\u00e3o, que terminaria nesta sexta-feira (25), foi prorrogada at\u00e9 o dia 1\u00ba de junho.<\/p>\n<p style=\"text-align: justify;\">Cristiane faz o pr\u00e9-natal direitinho e se vacinou contra a gripe, como o m\u00e9dico recomendou. Mas ouviu opini\u00f5es contr\u00e1rias. \u201cQue as pessoas normalmente gripam\u201d, diz.<\/p>\n<p style=\"text-align: justify;\">Dona Maria foi se imunizar, mas o marido dela n\u00e3o quer saber da vacina: \u201cTem medo. Diz ele que n\u00e3o. \u00c9 perigoso.\u201d<\/p>\n<p style=\"text-align: justify;\">Pura desinforma\u00e7\u00e3o, segundo os m\u00e9dicos. A vacina s\u00f3 \u00e9 contra-indicada para quem tem alergia \u00e0 prote\u00edna do ovo.<\/p>\n<p style=\"text-align: justify;\">\u201c\u00c9 considerada uma vacina muito segura. N\u00e3o tem a menor possibilidade de causar gripe, porque ela \u00e9 feita com part\u00edculas de v\u00edrus morto\u201d, explica Maria Teresa da Costa, gerente da Secretaria de Sa\u00fade de Belo Horizonte.<\/p>\n<p style=\"text-align: justify;\">A vacina protege contra os tr\u00eas v\u00edrus de gripe que mais circularam no pa\u00eds no ano passado, e \u00e9 oferecida de gra\u00e7a, durante a campanha, para os grupos de pessoas que podem ter complica\u00e7\u00f5es graves se ficarem gripadas:<\/p>\n<p style=\"text-align: justify;\">&#8211; Crian\u00e7as de seis meses a 2 anos<br \/>\n&#8211; Idosos<br \/>\n&#8211; Ind\u00edgenas<br \/>\n&#8211; Profissionais da \u00e1rea de sa\u00fade<br \/>\n&#8211; Gr\u00e1vidas<\/p>\n<p style=\"text-align: justify;\">A dona de casa Viviane dos Santos gostou de saber que o beb\u00ea tamb\u00e9m fica protegido assim que nasce. \u201cEu tamb\u00e9m vou tomar para essa aqui agora. Fam\u00edlia toda protegida.\u201d<\/p>\n","protected":false},"excerpt":{"rendered":"<p>Os brasileiros que ainda n\u00e3o se vacinaram contra a gripe ganharam uma chance de corrigir esse erro. A campanha de vacina\u00e7\u00e3o, que terminaria nesta sexta-feira (25), foi prorrogada at\u00e9 o dia 1\u00ba de junho. Cristiane faz o pr\u00e9-natal direitinho e se vacinou contra a gripe, como o m\u00e9dico recomendou. Mas ouviu opini\u00f5es contr\u00e1rias. \u201cQue as [&hellip;]<\/p>\n","protected":false},"author":3,"featured_media":31517,"comment_status":"closed","ping_status":"closed","sticky":false,"template":"","format":"standard","meta":{"footnotes":""},"categories":[38],"tags":[],"class_list":{"0":"post-33243","1":"post","2":"type-post","3":"status-publish","4":"format-standard","5":"has-post-thumbnail","7":"category-municipios"},"_links":{"self":[{"href":"https:\/\/senoticias.com.br\/se\/wp-json\/wp\/v2\/posts\/33243"}],"collection":[{"href":"https:\/\/senoticias.com.br\/se\/wp-json\/wp\/v2\/posts"}],"about":[{"href":"https:\/\/senoticias.com.br\/se\/wp-json\/wp\/v2\/types\/post"}],"author":[{"embeddable":true,"href":"https:\/\/senoticias.com.br\/se\/wp-json\/wp\/v2\/users\/3"}],"replies":[{"embeddable":true,"href":"https:\/\/senoticias.com.br\/se\/wp-json\/wp\/v2\/comments?post=33243"}],"version-history":[{"count":0,"href":"https:\/\/senoticias.com.br\/se\/wp-json\/wp\/v2\/posts\/33243\/revisions"}],"wp:featuredmedia":[{"embeddable":true,"href":"https:\/\/senoticias.com.br\/se\/wp-json\/wp\/v2\/media\/31517"}],"wp:attachment":[{"href":"https:\/\/senoticias.com.br\/se\/wp-json\/wp\/v2\/media?parent=33243"}],"wp:term":[{"taxonomy":"category","embeddable":true,"href":"https:\/\/senoticias.com.br\/se\/wp-json\/wp\/v2\/categories?post=33243"},{"taxonomy":"post_tag","embeddable":true,"href":"https:\/\/senoticias.com.br\/se\/wp-json\/wp\/v2\/tags?post=33243"}],"curies":[{"name":"wp","href":"https:\/\/api.w.org\/{rel}","templated":true}]}}