{"id":33236,"date":"2012-05-25T20:54:44","date_gmt":"2012-05-25T23:54:44","guid":{"rendered":"http:\/\/senoticias.com.br\/se\/?p=33236"},"modified":"2012-05-25T20:55:48","modified_gmt":"2012-05-25T23:55:48","slug":"apos-acao-na-justica-ivete-sangalo-faz-acordo-com-baterista","status":"publish","type":"post","link":"https:\/\/senoticias.com.br\/se\/apos-acao-na-justica-ivete-sangalo-faz-acordo-com-baterista\/","title":{"rendered":"Ap\u00f3s a\u00e7\u00e3o na Justi\u00e7a, Ivete Sangalo faz acordo com baterista"},"content":{"rendered":"<div id=\"attachment_33237\" style=\"width: 310px\" class=\"wp-caption alignleft\"><a href=\"http:\/\/senoticias.com.br\/se\/wp-content\/uploads\/2012\/05\/12066774.jpeg\"><img loading=\"lazy\" decoding=\"async\" aria-describedby=\"caption-attachment-33237\" class=\"size-medium wp-image-33237\" title=\"\" src=\"http:\/\/senoticias.com.br\/se\/wp-content\/uploads\/2012\/05\/12066774-300x267.jpg\" alt=\"\" width=\"300\" height=\"267\" srcset=\"https:\/\/senoticias.com.br\/se\/wp-content\/uploads\/2012\/05\/12066774-300x267.jpg 300w, https:\/\/senoticias.com.br\/se\/wp-content\/uploads\/2012\/05\/12066774-342x304.jpg 342w, https:\/\/senoticias.com.br\/se\/wp-content\/uploads\/2012\/05\/12066774.jpeg 550w\" sizes=\"(max-width: 300px) 100vw, 300px\" \/><\/a><p id=\"caption-attachment-33237\" class=\"wp-caption-text\">Ivete Sangalo faz acordo com baterista (Leticia Moreira - Arquivo\/Folhapress)<\/p><\/div>\n<p style=\"text-align: justify;\">A cantora Ivete Sangalo chegou a um acordo com o baterista Ant\u00f4nio da Silva, o Toinho Batera, que pedia na Justi\u00e7a uma indeniza\u00e7\u00e3o de R$ 4,5 milh\u00f5es da empresa que gerencia a carreira da musa do ax\u00e9 music.<\/p>\n<p style=\"text-align: justify;\">O baterista desistiu da a\u00e7\u00e3o trabalhista, que motivou uma disputa nos bastidores da cena musical baiana. Os termos da concilia\u00e7\u00e3o s\u00e3o mantidos em segredo.<\/p>\n<p style=\"text-align: justify;\">Tanto a Caco de Telha Produ\u00e7\u00f5es Art\u00edsticas, holding que administra a carreira de Ivete Sangalo, como o advogado do m\u00fasico, Willer Tomaz, confirmaram o acordo, mas n\u00e3o informaram o valor envolvido na negocia\u00e7\u00e3o.<\/p>\n<p style=\"text-align: justify;\">Demitido por Ivete em 2010, Toinho Batera acusou a Caco de Telha de operar um esquema para sonega\u00e7\u00e3o fiscal.<\/p>\n<p style=\"text-align: justify;\">No processo trabalhista, o m\u00fasico disse que a Banda do Bem Produ\u00e7\u00f5es Art\u00edsticas Ltda., empresa que tem como s\u00f3cios os m\u00fasicos que acompanham Ivete, funciona como uma esp\u00e9cie de &#8220;fachada&#8221; para a Caco de Telha n\u00e3o ter de recolher encargos dos m\u00fasicos.<\/p>\n<p style=\"text-align: justify;\">Batera tamb\u00e9m acusou o irm\u00e3o de Ivete, Jesus Sangalo, de t\u00ea-lo agredido ap\u00f3s a demiss\u00e3o em 2010. Jesus negou.<\/p>\n<p style=\"text-align: justify;\">No acordo homologado pela ju\u00edza titular da 18\u00aa vara do trabalho de Salvador, Lucyenne Veiga, na \u00faltima segunda-feira (21), foi inclu\u00edda uma cl\u00e1usula de confidencialidade.<\/p>\n<p style=\"text-align: justify;\"><strong>INVESTIGA\u00c7\u00c3O<\/strong><\/p>\n<p style=\"text-align: justify;\">A briga judicial desencadeou, em fevereiro de 2011, uma investiga\u00e7\u00e3o da Receita Federal sobre as empresas da fam\u00edlia de Ivete. A holding foi submetida a uma auditoria e acabou reestruturada.<\/p>\n<p style=\"text-align: justify;\">Em meio \u00e0 turbul\u00eancia da disputa, Ivete promoveu uma mudan\u00e7a no controle da Caco de Telha, transferindo 90% das cotas da companhia para uma nova empresa de participa\u00e7\u00f5es com objetivo de gerir voz, imagem, marcas e direitos de propriedade intelectual, al\u00e9m da adquirir cotas de outras companhias.<\/p>\n<p style=\"text-align: justify;\">No ano passado, a Folha revelou que o cunhado de cantora Luiz Paulo de Souza Nunes gerenciou simultaneamente tanto a firma que administrava os shows da cantora como a Banda do Bem, empresa contratada.<\/p>\n<p style=\"text-align: justify;\">No curso do processo, a defesa da Caco de Telha refutou as acusa\u00e7\u00f5es feitas pelo baterista sobre a holding operar a Banda do Bem como empresa de fachada para sonegar tributos. A defesa da cantora sustentou, na a\u00e7\u00e3o trabalhista, que as empresas operavam com autonomia.<\/p>\n<p style=\"text-align: justify;\"><span style=\"color: #666699;\"><em><strong>GRACILIANO ROCHA<\/strong><\/em><\/span><br \/>\n<span style=\"color: #666699;\"><em><strong>DE SALVADOR<\/strong><\/em><\/span><\/p>\n","protected":false},"excerpt":{"rendered":"<p>A cantora Ivete Sangalo chegou a um acordo com o baterista Ant\u00f4nio da Silva, o Toinho Batera, que pedia na Justi\u00e7a uma indeniza\u00e7\u00e3o de R$ 4,5 milh\u00f5es da empresa que gerencia a carreira da musa do ax\u00e9 music. O baterista desistiu da a\u00e7\u00e3o trabalhista, que motivou uma disputa nos bastidores da cena musical baiana. Os [&hellip;]<\/p>\n","protected":false},"author":3,"featured_media":33237,"comment_status":"closed","ping_status":"closed","sticky":false,"template":"","format":"standard","meta":{"footnotes":""},"categories":[15],"tags":[],"class_list":{"0":"post-33236","1":"post","2":"type-post","3":"status-publish","4":"format-standard","5":"has-post-thumbnail","7":"category-destaques"},"_links":{"self":[{"href":"https:\/\/senoticias.com.br\/se\/wp-json\/wp\/v2\/posts\/33236"}],"collection":[{"href":"https:\/\/senoticias.com.br\/se\/wp-json\/wp\/v2\/posts"}],"about":[{"href":"https:\/\/senoticias.com.br\/se\/wp-json\/wp\/v2\/types\/post"}],"author":[{"embeddable":true,"href":"https:\/\/senoticias.com.br\/se\/wp-json\/wp\/v2\/users\/3"}],"replies":[{"embeddable":true,"href":"https:\/\/senoticias.com.br\/se\/wp-json\/wp\/v2\/comments?post=33236"}],"version-history":[{"count":0,"href":"https:\/\/senoticias.com.br\/se\/wp-json\/wp\/v2\/posts\/33236\/revisions"}],"wp:featuredmedia":[{"embeddable":true,"href":"https:\/\/senoticias.com.br\/se\/wp-json\/wp\/v2\/media\/33237"}],"wp:attachment":[{"href":"https:\/\/senoticias.com.br\/se\/wp-json\/wp\/v2\/media?parent=33236"}],"wp:term":[{"taxonomy":"category","embeddable":true,"href":"https:\/\/senoticias.com.br\/se\/wp-json\/wp\/v2\/categories?post=33236"},{"taxonomy":"post_tag","embeddable":true,"href":"https:\/\/senoticias.com.br\/se\/wp-json\/wp\/v2\/tags?post=33236"}],"curies":[{"name":"wp","href":"https:\/\/api.w.org\/{rel}","templated":true}]}}