{"id":33222,"date":"2012-05-25T19:11:07","date_gmt":"2012-05-25T22:11:07","guid":{"rendered":"http:\/\/senoticias.com.br\/se\/?p=33222"},"modified":"2012-05-25T19:20:11","modified_gmt":"2012-05-25T22:20:11","slug":"propria-divulga-programacao-do-forropria-2012","status":"publish","type":"post","link":"https:\/\/senoticias.com.br\/se\/propria-divulga-programacao-do-forropria-2012\/","title":{"rendered":"Prefeitura de  Propri\u00e1 divulga programa\u00e7\u00e3o do Forropri\u00e1 2012"},"content":{"rendered":"<p style=\"text-align: justify;\"><a href=\"http:\/\/senoticias.com.br\/se\/wp-content\/uploads\/2012\/05\/FORROPRI%C3%81-2012.jpg\"><img loading=\"lazy\" decoding=\"async\" class=\"alignleft size-medium wp-image-33223\" title=\"FORROPRI\u00c1 2012\" src=\"http:\/\/senoticias.com.br\/se\/wp-content\/uploads\/2012\/05\/FORROPRI%C3%81-2012-300x212.jpg\" alt=\"\" width=\"300\" height=\"212\" \/><\/a>O m\u00eas de junho no nordeste \u00e9 sempre marcado por muito forr\u00f3. Em Propri\u00e1 (SE), munic\u00edpio localizado a 99 km de Aracaju, n\u00e3o vai ser diferente. A Prefeitura da cidade, atrav\u00e9s da Secretaria Municipal de Cultura anunciou hoje, (25), a programa\u00e7\u00e3o do Forropri\u00e1, que agrega tamb\u00e9m a festa de Santo Ant\u00f4nio, padroeiro da cidade, o tradicional forr\u00f3 do com\u00e9rcio e as comemora\u00e7\u00f5es ao dia do caminhoneiro.<\/p>\n<p style=\"text-align: justify;\">Em seu programa semanal de r\u00e1dio, esta tarde, o prefeito Jos\u00e9 Am\u00e9rico Lima garantiu que este ser\u00e1 um dos melhores festejos juninos. A Pra\u00e7a de Eventos da cidade ribeirinha ser\u00e1 transformada na Vila do Forr\u00f3, com uma decora\u00e7\u00e3o junina especial, uma cidade cenogr\u00e1fica e barracas de comidas t\u00edpicas. O gestor municipal afirmou ainda que as comemora\u00e7\u00f5es se estender\u00e3o aos bairros e povoados.<\/p>\n<p style=\"text-align: justify;\">\u201cTodas as atividades ser\u00e3o realizadas nos bairros e nos povoados. O nosso intuito \u00e9 animar a todos nesse m\u00eas de junho, que vai ser muito festivo em Propri\u00e1. Em reuni\u00e3o com o secret\u00e1rio municipal de Cultura, Jos\u00e9 Alberto Amorim, j\u00e1 definimos que as festividades se iniciar\u00e3o dia 9 de junho, \u00e0s 17h, com um cortejo de todas as quadrilhas juninas, saindo do antigo CSU e vai percorrer as ruas da cidade em dire\u00e7\u00e3o \u00e0 Pra\u00e7a de Eventos\u201d, disse Am\u00e9rico.<\/p>\n<p style=\"text-align: justify;\">Al\u00e9m da parte religiosa, este ano a Prefeitura tamb\u00e9m ir\u00e1 comemorar o dia do caminhoneiro, 13 de junho. \u201cPara esta comemora\u00e7\u00e3o, j\u00e1 me reun\u00ed com a comiss\u00e3o organizadora e vamos dar total apoio log\u00edstico. Al\u00e9m disso, eles est\u00e3o trazendo v\u00e1rios estandes de empresas de ve\u00edculos para exposi\u00e7\u00e3o, haver\u00e1 sorteio de pr\u00eamios e muita anima\u00e7\u00e3o. No domingo, dia 10, haver\u00e1 o grande momento, que \u00e9 a prociss\u00e3o dos motoristas que emocionam a todos e promete ser a maior da hist\u00f3ria da nossa cidade\u201d, acrescentou o gestor.<\/p>\n<p style=\"text-align: justify;\">Quanto \u00e0 seguran\u00e7a, o prefeito garantiu que \u201cvamos garantir muita seguran\u00e7a, tanto na \u00e1rea do evento quanto na cidade. A Guarda Municipal vai ficar ainda mais atenta e o tr\u00e2nsito ser\u00e1 organizado da melhor forma poss\u00edvel. Em rela\u00e7\u00e3o \u00e0s atra\u00e7\u00f5es, vamos trazer o que de melhor podemos, de acordo com as nossas condi\u00e7\u00f5es, e prestigiando os artistas locais\u201d, frisou.<\/p>\n<p style=\"text-align: justify;\"><strong>Confira a programa\u00e7\u00e3o completa;<\/strong><\/p>\n<p style=\"text-align: justify;\"><strong>&#8211; 09 de junho &#8211; s\u00e1bado<\/strong><br \/>\nJailson do Acordeon<br \/>\nGarota de Aluguel<br \/>\nMulheres Perdidas<br \/>\nJoilson, o fen\u00f4meno<\/p>\n<p style=\"text-align: justify;\"><strong>&#8211; 10 de junho &#8211; domingo<\/strong><br \/>\nBolerado<br \/>\nBrasas do Forr\u00f3<br \/>\nRoj\u00e3o Diferente<br \/>\nForr\u00f3 Bossa<\/p>\n<p style=\"text-align: justify;\"><strong>&#8211; 11 de junho \u2013 Segunda-feira<\/strong><br \/>\nBebemorar<br \/>\nAlma G\u00eamea<br \/>\nDanielzinho e Forroz\u00e3o Quarto de Milha<br \/>\nJeane Lins<\/p>\n<p style=\"text-align: justify;\"><strong>&#8211; 12 de junho \u2013 Ter\u00e7a-feira<\/strong><br \/>\nMaphaia sertaneja<br \/>\nJo\u00e3o Neto e Cesinha<br \/>\nForr\u00f3 Brasil<br \/>\nBanda Magn\u00edficos<\/p>\n<p style=\"text-align: justify;\"><span style=\"color: #666699;\"><em><strong>T. Dantas Comunica\u00e7\u00e3o, Consultoria e Marketing\u00a0<\/strong><\/em><\/span><\/p>\n","protected":false},"excerpt":{"rendered":"<p>O m\u00eas de junho no nordeste \u00e9 sempre marcado por muito forr\u00f3. Em Propri\u00e1 (SE), munic\u00edpio localizado a 99 km de Aracaju, n\u00e3o vai ser diferente. A Prefeitura da cidade, atrav\u00e9s da Secretaria Municipal de Cultura anunciou hoje, (25), a programa\u00e7\u00e3o do Forropri\u00e1, que agrega tamb\u00e9m a festa de Santo Ant\u00f4nio, padroeiro da cidade, o [&hellip;]<\/p>\n","protected":false},"author":2,"featured_media":33223,"comment_status":"closed","ping_status":"closed","sticky":false,"template":"","format":"standard","meta":{"footnotes":""},"categories":[38],"tags":[],"class_list":{"0":"post-33222","1":"post","2":"type-post","3":"status-publish","4":"format-standard","5":"has-post-thumbnail","7":"category-municipios"},"_links":{"self":[{"href":"https:\/\/senoticias.com.br\/se\/wp-json\/wp\/v2\/posts\/33222"}],"collection":[{"href":"https:\/\/senoticias.com.br\/se\/wp-json\/wp\/v2\/posts"}],"about":[{"href":"https:\/\/senoticias.com.br\/se\/wp-json\/wp\/v2\/types\/post"}],"author":[{"embeddable":true,"href":"https:\/\/senoticias.com.br\/se\/wp-json\/wp\/v2\/users\/2"}],"replies":[{"embeddable":true,"href":"https:\/\/senoticias.com.br\/se\/wp-json\/wp\/v2\/comments?post=33222"}],"version-history":[{"count":0,"href":"https:\/\/senoticias.com.br\/se\/wp-json\/wp\/v2\/posts\/33222\/revisions"}],"wp:featuredmedia":[{"embeddable":true,"href":"https:\/\/senoticias.com.br\/se\/wp-json\/wp\/v2\/media\/33223"}],"wp:attachment":[{"href":"https:\/\/senoticias.com.br\/se\/wp-json\/wp\/v2\/media?parent=33222"}],"wp:term":[{"taxonomy":"category","embeddable":true,"href":"https:\/\/senoticias.com.br\/se\/wp-json\/wp\/v2\/categories?post=33222"},{"taxonomy":"post_tag","embeddable":true,"href":"https:\/\/senoticias.com.br\/se\/wp-json\/wp\/v2\/tags?post=33222"}],"curies":[{"name":"wp","href":"https:\/\/api.w.org\/{rel}","templated":true}]}}