{"id":33207,"date":"2012-05-25T18:22:45","date_gmt":"2012-05-25T21:22:45","guid":{"rendered":"http:\/\/senoticias.com.br\/se\/?p=33207"},"modified":"2012-05-25T18:32:36","modified_gmt":"2012-05-25T21:32:36","slug":"33207","status":"publish","type":"post","link":"https:\/\/senoticias.com.br\/se\/33207\/","title":{"rendered":"Governador anuncia Silvio Santos, como o novo secret\u00e1rio da Sa\u00fade"},"content":{"rendered":"<div id=\"attachment_33208\" style=\"width: 310px\" class=\"wp-caption alignleft\"><a href=\"http:\/\/senoticias.com.br\/se\/wp-content\/uploads\/2012\/05\/Silvio_Santos_novo_Secreta_rio_Estadual_da_Sau_de___Foto_Marcelle_Cristinne__4_.jpg\"><img loading=\"lazy\" decoding=\"async\" aria-describedby=\"caption-attachment-33208\" class=\"size-medium wp-image-33208\" title=\" \" src=\"http:\/\/senoticias.com.br\/se\/wp-content\/uploads\/2012\/05\/Silvio_Santos_novo_Secreta_rio_Estadual_da_Sau_de___Foto_Marcelle_Cristinne__4_-300x199.jpg\" alt=\"\" width=\"300\" height=\"199\" srcset=\"https:\/\/senoticias.com.br\/se\/wp-content\/uploads\/2012\/05\/Silvio_Santos_novo_Secreta_rio_Estadual_da_Sau_de___Foto_Marcelle_Cristinne__4_-300x199.jpg 300w, https:\/\/senoticias.com.br\/se\/wp-content\/uploads\/2012\/05\/Silvio_Santos_novo_Secreta_rio_Estadual_da_Sau_de___Foto_Marcelle_Cristinne__4_-342x227.jpg 342w, https:\/\/senoticias.com.br\/se\/wp-content\/uploads\/2012\/05\/Silvio_Santos_novo_Secreta_rio_Estadual_da_Sau_de___Foto_Marcelle_Cristinne__4_.jpg 600w\" sizes=\"(max-width: 300px) 100vw, 300px\" \/><\/a><p id=\"caption-attachment-33208\" class=\"wp-caption-text\">Marcelo D\u00e9da anunciou, na tarde desta sexta-feira, 25, o atual vice-prefeito da capital, Silvio Santos, como o novo secret\u00e1rio de Estado da Sa\u00fade. (Foto: Marcelle Cristinne)<\/p><\/div>\n<p style=\"text-align: justify;\">O governador Marcelo D\u00e9da anunciou, na tarde desta sexta-feira, 25, o atual vice-prefeito da capital, Silvio Santos, como o novo secret\u00e1rio de Estado da Sa\u00fade. Ap\u00f3s um encontro com o ent\u00e3o titular da pasta, Ant\u00f4nio Carlos Guimar\u00e3es, pela manh\u00e3, onde foi entregue o pedido de afastamento, o governador reuniu ambos e anunciou o in\u00edcio do processo de transi\u00e7\u00e3o na Secretaria de Estado da Sa\u00fade.<\/p>\n<p style=\"text-align: justify;\">\u201cO secret\u00e1rio Ant\u00f4nio Carlos n\u00e3o pediu nem disputou para assumir o cargo. Ele foi convidado numa situa\u00e7\u00e3o que n\u00f3s consideramos extremamente dif\u00edcil para assumir a responsabilidade de conduzir a Sa\u00fade. Naquele momento, o secret\u00e1rio tinha me dito que planejava retornar ao seu estado de origem, S\u00e3o Paulo, j\u00e1 que sua fam\u00edlia continuava a residir por l\u00e1. Desde ent\u00e3o, ele afirmava que pensava em colaborar conosco pelo per\u00edodo de um ano, e ele j\u00e1 completou um ano e meio. Seu objetivo \u00e9 retornar ao conv\u00edvio da fam\u00edlia e redirecionar sua atua\u00e7\u00e3o profissional\u201d, afirmou o governador ao informar que o secret\u00e1rio p\u00f4s o cargo \u00e0 disposi\u00e7\u00e3o.<\/p>\n<p style=\"text-align: justify;\"><strong>Agradecimento<\/strong><\/p>\n<p style=\"text-align: justify;\">\u201cEu agradeci e disse a ele que, como governador do Estado, tenho uma d\u00edvida de gratid\u00e3o j\u00e1 que ele aceitou um grande desafio, agiu com extrema corre\u00e7\u00e3o, lisura, responsabilidade profissional e conseguiu marcar sua presen\u00e7a com uma respeitabilidade que verificamos pelos depoimentos que ouvimos em todos os cantos\u201d, completou Marcelo D\u00e9da.<\/p>\n<p style=\"text-align: justify;\">O governador foi enf\u00e1tico ao reconhecer o esfor\u00e7o, as dificuldades que o secret\u00e1rio foi obrigado a superar, pelo trabalho empreendido e pela contribui\u00e7\u00e3o que ofereceu ao Estado de Sergipe e \u00e0 administra\u00e7\u00e3o por ele liderada. \u201cDesejo que ele tenha muita sorte e muito sucesso nos novos desafios de sua vida profissional\u201d, sentenciou.<\/p>\n<p style=\"text-align: justify;\"><strong>Convite a Silvio Santos<\/strong><\/p>\n<p style=\"text-align: justify;\">Ap\u00f3s o comunicado oficial do titular da pasta, o governador afirmou que decidiu logo no in\u00edcio da tarde formular o convite ao vice-prefeito e ex-secret\u00e1rio municipal da Sa\u00fade de Aracaju, Silvio Santos. \u201cSilvio Santos deixou recentemente a Secretaria Municipal da Sa\u00fade, onde realizou uma gest\u00e3o exitosa. Ele tamb\u00e9m assumiu num momento dif\u00edcil na nossa capital, e revelou uma enorme capacidade gerencial, sensibilidade pol\u00edtica e responsabilidade, do ponto de vista de gestor, conseguindo recuperar de maneira significativa os servi\u00e7os de sa\u00fade e surpreendendo a todos pela forma de como, sem ser profissional da sa\u00fade, foi capaz de gerenciar com \u00eaxito a principal secretaria de Sa\u00fade de Sergipe, depois da estadual\u201d, mencionou Marcelo D\u00e9da.<\/p>\n<p style=\"text-align: justify;\">O governador tamb\u00e9m lembrou do fato de Silvio Santos ser um companheiro de jornada pol\u00edtica h\u00e1 mais de 30 anos e detentor de toda a sua confian\u00e7a pessoal e pol\u00edtica. \u201cEle \u00e9 um companheiro com experi\u00eancia administrativa na prefeitura, onde foi secret\u00e1rio municipal por diversas vezes, onde ocupou as pastas do Or\u00e7amento Participativo, Participa\u00e7\u00e3o Popular, Planejamento, Sa\u00fade, vice-prefeito, al\u00e9m de ser uma pessoa com grande tr\u00e2nsito no movimento sindical, nas institui\u00e7\u00f5es de representa\u00e7\u00e3o das categorias da sa\u00fade e nos conselhos profissionais. Ele tem, portanto, um perfil t\u00e9cnico e pol\u00edtico que lhe permite conduzir com seguran\u00e7a e tranquilidade a nossa secretaria, implantando plenamente as diretrizes da nossa pol\u00edtica de sa\u00fade\u201d, ratificou D\u00e9da.<\/p>\n<p style=\"text-align: justify;\"><strong>Rela\u00e7\u00e3o harmoniosa<\/strong><\/p>\n<p style=\"text-align: justify;\">Outro aspecto ressaltado pelo governador refere-se ao fato de Silvio Santos ter desenvolvido uma rela\u00e7\u00e3o pessoal e profissional muito qualificada com o secret\u00e1rio Ant\u00f4nio Carlos Guimar\u00e3es. \u201cEles compartilharam, ao longo do ano passado, as responsabilidades de secret\u00e1rio municipal e estadual da Sa\u00fade. Nessa condi\u00e7\u00e3o, eles foram fundadores de um f\u00f3rum, uma mesa de gerenciamento comum da sa\u00fade na capital onde o prefeito, o governador e os respectivos secret\u00e1rios tinham assento para conduzir, de maneira articulada, a gest\u00e3o da sa\u00fade no territ\u00f3rio da capital, superando eventuais problemas justamente pela coopera\u00e7\u00e3o entre a capital e o Estado. Essa conviv\u00eancia produziu uma parceria muito boa entre o munic\u00edpio de Aracaju e o Estado na \u00e1rea da Sa\u00fade\u201d, relembrou.<\/p>\n<p style=\"text-align: justify;\">Diante desse aspecto, segundo o governador, ser\u00e1 muito mais f\u00e1cil construir o processo de transi\u00e7\u00e3o entre Ant\u00f4nio Carlos e Silvio Santos. \u201cEles agora v\u00e3o deflagrar o processo de transi\u00e7\u00e3o, durante toda a pr\u00f3xima semana v\u00e3o conversar, conhecer as equipes e, tanto o secret\u00e1rio preparar a sua retirada, como Silvio Santos tamb\u00e9m tomar suas provid\u00eancias junto \u00e0 Prefeitura, j\u00e1 que, como vice-prefeito, ele tamb\u00e9m precisa renunciar ao cargo, o que revela o seu grau de compromisso com o nosso projeto. Ele deixa o cargo de vice-prefeito para assumir uma secretaria de Estado. Mas faz isso pra servir ao povo de Aracaju e de Sergipe\u201d, refor\u00e7ou D\u00e9da, ao salientar que manteve contato com o prefeito Edvaldo Nogueira que compreendeu a necessidade dessa sa\u00edda.<\/p>\n<p style=\"text-align: justify;\">\u201cA transi\u00e7\u00e3o se dar\u00e1 ao longo da pr\u00f3xima semana, de maneira transparente e leal, adotando-se, em seguida, as medidas pertinentes \u00e0 mudan\u00e7a de equipe\u201d, complementou o governador, sem especificar datas.<\/p>\n<p style=\"text-align: justify;\"><strong>Carta Branca<\/strong><\/p>\n<p style=\"text-align: justify;\">O governador tamb\u00e9m foi incisivo ao afirmar que deu \u2018carta branca\u2019 com total autonomia para que o secret\u00e1rio anunciado componha a sua equipe. \u201cTanto na assessoria direta da Secretaria de Estado da Sa\u00fade, quanto nas funda\u00e7\u00f5es, o secret\u00e1rio tem carta branca para fazer as modifica\u00e7\u00f5es que julgar necess\u00e1rias. Ele me apresentar\u00e1 propostas para todos os cargos dentro daquilo que ele avaliar. A partir desse momento, toda a equipe da Secretaria da Sa\u00fade poder\u00e1 ser mudada, se essa for a defini\u00e7\u00e3o e a vontade do novo secret\u00e1rio, bem como toda a equipe das funda\u00e7\u00f5es\u201d, assegurou Marcelo D\u00e9da.<\/p>\n<p style=\"text-align: justify;\"><strong>Emo\u00e7\u00e3o e Gratid\u00e3o<\/strong><\/p>\n<p style=\"text-align: justify;\">O secret\u00e1rio que deixa a pasta afirmou que esse \u00e9 um momento de grande emo\u00e7\u00e3o e gratid\u00e3o pela a\u00e7\u00e3o desempenhada. \u201c\u00c9 uma emo\u00e7\u00e3o j\u00e1 que foi poss\u00edvel participar de um processo de consolida\u00e7\u00e3o da reforma sanit\u00e1ria em Sergipe e, consequentemente, repercutindo no Sistema \u00fanico de Sa\u00fade (SUS) do nosso pa\u00eds, e eu sou um verdadeiro militante do SUS. Nesse aspecto, Sergipe contribuiu muito no avan\u00e7o da pactua\u00e7\u00e3o entre os munic\u00edpios, os estados e o Governo Federal. Poder fazer parte desse processo foi muito rico, do ponto de vista profissional e enquanto cidad\u00e3o. Do ponto de vista da gratid\u00e3o, quero agradecer muito ao governador Marcelo D\u00e9da e \u00e0 equipe de governo, toda a equipe t\u00e9cnica da secretaria das tr\u00eas funda\u00e7\u00f5es, al\u00e9m de um agradecimento especial \u00e0 popula\u00e7\u00e3o de Sergipe que me acolheu. Mesmo vindo de fora, sempre conseguimos manter um di\u00e1logo, uma interlocu\u00e7\u00e3o respeitosa e, nesse sentido, s\u00f3 tenho a agradecer. Cresci muito e aprendi muito com as belezas de Sergipe e com a riqueza de seu povo\u201d, disse Ant\u00f4nio Carlos Guimar\u00e3es.<\/p>\n<p style=\"text-align: justify;\">Segundo ele, tamb\u00e9m \u00e9 um momento de extrema satisfa\u00e7\u00e3o por passar o cargo e a condu\u00e7\u00e3o dos destinos da sa\u00fade para Silvio Santos. \u201cEle \u00e9 uma pessoa da minha extrema considera\u00e7\u00e3o, que passei a admirar muito no momento em que passamos a conviver. Eu n\u00e3o o conhecia e compartilhamos momentos dif\u00edceis, mas tamb\u00e9m de grandes avan\u00e7os e conquistas e, tenho certeza, que ele cumprir\u00e1 muito bem essa fun\u00e7\u00e3o, dando continuidade \u00e0quilo que o governador Marcelo D\u00e9da projeta como o melhor para a popula\u00e7\u00e3o de Sergipe\u201d, registrou Guimar\u00e3es.<\/p>\n<p style=\"text-align: justify;\">Novo Desafio<\/p>\n<p style=\"text-align: justify;\">J\u00e1 o secret\u00e1rio anunciado, Silvio Santos, destacou o seu compromisso e sua postura como um \u201csoldado\u201d do projeto. \u201cResolvi aceitar o convite com muita felicidade e alegria por participar de um governo honrado como o liderado pelo companheiro Marcelo D\u00e9da. Em segundo lugar, aceito esse convite como uma miss\u00e3o, j\u00e1 que sou um soldado do projeto liderado por Marcelo D\u00e9da em Sergipe\u201d, destacou Silvio.<\/p>\n<p style=\"text-align: justify;\">Ele relembrou sua experi\u00eancia nas administra\u00e7\u00f5es municipais comandadas tanto por Marcelo D\u00e9da, como por Edvaldo Nogueira, ressaltando sua fidelidade aos compromissos assumidos. \u201cSei que \u00e9 um grande desafio, mas acho que somados os esfor\u00e7os de todos os que querem uma sa\u00fade p\u00fablica de qualidade, n\u00f3s haveremos de encontrar solu\u00e7\u00f5es para os problemas que vivemos hoje\u201d, ressaltou.<\/p>\n<p style=\"text-align: justify;\">Silvio Santos tamb\u00e9m evidenciou a quest\u00e3o do financiamento da sa\u00fade como um dos complicadores em n\u00edvel mundial para o seu gerenciamento. \u201cEste \u00e9 um problema mundial. Mas, tenho certeza que, assim como fizemos no munic\u00edpio de Aracaju, n\u00f3s poderemos, nas condi\u00e7\u00f5es atuais, buscar avan\u00e7os, ouvindo servidores, conversando com os que atuam na \u00e1rea da sa\u00fade, interagindo com os hospitais filantr\u00f3picos, entidades de m\u00e9dicos, enfermeiros e, enfim, juntando todos esses segmentos, ouvindo-os e respeitando-os, temos certeza que poderemos encontrar o ambiente prop\u00edcio para produzirmos nas pol\u00edticas de sa\u00fade as alternativas para sairmos dessa crise mais latente\u201d, afirmou Silvio Santos.<\/p>\n<p style=\"text-align: justify;\"><strong>Secretaria de Estado da Comunica\u00e7\u00e3o Social<\/strong><\/p>\n","protected":false},"excerpt":{"rendered":"<p>O governador Marcelo D\u00e9da anunciou, na tarde desta sexta-feira, 25, o atual vice-prefeito da capital, Silvio Santos, como o novo secret\u00e1rio de Estado da Sa\u00fade. Ap\u00f3s um encontro com o ent\u00e3o titular da pasta, Ant\u00f4nio Carlos Guimar\u00e3es, pela manh\u00e3, onde foi entregue o pedido de afastamento, o governador reuniu ambos e anunciou o in\u00edcio do [&hellip;]<\/p>\n","protected":false},"author":3,"featured_media":33208,"comment_status":"closed","ping_status":"closed","sticky":false,"template":"","format":"standard","meta":{"footnotes":""},"categories":[6],"tags":[],"class_list":{"0":"post-33207","1":"post","2":"type-post","3":"status-publish","4":"format-standard","5":"has-post-thumbnail","7":"category-politica"},"_links":{"self":[{"href":"https:\/\/senoticias.com.br\/se\/wp-json\/wp\/v2\/posts\/33207"}],"collection":[{"href":"https:\/\/senoticias.com.br\/se\/wp-json\/wp\/v2\/posts"}],"about":[{"href":"https:\/\/senoticias.com.br\/se\/wp-json\/wp\/v2\/types\/post"}],"author":[{"embeddable":true,"href":"https:\/\/senoticias.com.br\/se\/wp-json\/wp\/v2\/users\/3"}],"replies":[{"embeddable":true,"href":"https:\/\/senoticias.com.br\/se\/wp-json\/wp\/v2\/comments?post=33207"}],"version-history":[{"count":0,"href":"https:\/\/senoticias.com.br\/se\/wp-json\/wp\/v2\/posts\/33207\/revisions"}],"wp:featuredmedia":[{"embeddable":true,"href":"https:\/\/senoticias.com.br\/se\/wp-json\/wp\/v2\/media\/33208"}],"wp:attachment":[{"href":"https:\/\/senoticias.com.br\/se\/wp-json\/wp\/v2\/media?parent=33207"}],"wp:term":[{"taxonomy":"category","embeddable":true,"href":"https:\/\/senoticias.com.br\/se\/wp-json\/wp\/v2\/categories?post=33207"},{"taxonomy":"post_tag","embeddable":true,"href":"https:\/\/senoticias.com.br\/se\/wp-json\/wp\/v2\/tags?post=33207"}],"curies":[{"name":"wp","href":"https:\/\/api.w.org\/{rel}","templated":true}]}}