{"id":33203,"date":"2012-05-25T15:59:28","date_gmt":"2012-05-25T18:59:28","guid":{"rendered":"http:\/\/senoticias.com.br\/se\/?p=33203"},"modified":"2012-05-25T15:59:42","modified_gmt":"2012-05-25T18:59:42","slug":"medico-morre-em-acidente-de-carro-na-br-101-em-estancia","status":"publish","type":"post","link":"https:\/\/senoticias.com.br\/se\/medico-morre-em-acidente-de-carro-na-br-101-em-estancia\/","title":{"rendered":"M\u00e9dico morre em acidente de carro na BR 101 em Est\u00e2ncia"},"content":{"rendered":"<div id=\"attachment_33204\" style=\"width: 260px\" class=\"wp-caption alignleft\"><a href=\"http:\/\/senoticias.com.br\/se\/wp-content\/uploads\/2012\/05\/img_133797201192.jpg\"><img loading=\"lazy\" decoding=\"async\" aria-describedby=\"caption-attachment-33204\" class=\"size-full wp-image-33204\" title=\"img_133797201192\" src=\"http:\/\/senoticias.com.br\/se\/wp-content\/uploads\/2012\/05\/img_133797201192.jpg\" alt=\"\" width=\"250\" height=\"172\" \/><\/a><p id=\"caption-attachment-33204\" class=\"wp-caption-text\">Renysson Ribeiro Matos\/Reprodu\u00e7\u00e3o do Facebook<\/p><\/div>\n<p style=\"text-align: justify;\">A colis\u00e3o entre o carro do m\u00e9dico e um caminh\u00e3o ocorreu no in\u00edcio na tarde desta sexta-feira (25) na BR 101, na altura do munic\u00edpio de Est\u00e2ncia, distante 70 km de Aracaju. O m\u00e9dio do Samu , Renysson Ribeiro Matos, n\u00e3o resistiu e morreu no local do acidente.<\/p>\n<p style=\"text-align: justify;\">Segundo populares, o carro da v\u00edtima derrapou na pista e colidiu com o caminh\u00e3o. O corpo dele foi recolhido pelos colegas de trabalho em uma ambul\u00e2ncia do pr\u00f3prio Samu.<\/p>\n<p style=\"text-align: justify;\">Renysson estava trabalhando no Programa da Sa\u00fade da Fam\u00edlia no munic\u00edpio de Arau\u00e1, e provavelmente estava voltando para Aracaju no momento do acidente.<\/p>\n<p style=\"text-align: justify;\">Uma outra pessoa, ainda n\u00e3o identificada, sofreu les\u00f5es graves no mesmo acidente e foi conduzida para o hospital de Est\u00e2ncia.<\/p>\n<p style=\"text-align: justify;\"><span style=\"color: #666699;\"><em><strong>Portal Atalaia Agora<\/strong><\/em><\/span><\/p>\n","protected":false},"excerpt":{"rendered":"<p>A colis\u00e3o entre o carro do m\u00e9dico e um caminh\u00e3o ocorreu no in\u00edcio na tarde desta sexta-feira (25) na BR 101, na altura do munic\u00edpio de Est\u00e2ncia, distante 70 km de Aracaju. O m\u00e9dio do Samu , Renysson Ribeiro Matos, n\u00e3o resistiu e morreu no local do acidente. Segundo populares, o carro da v\u00edtima derrapou [&hellip;]<\/p>\n","protected":false},"author":3,"featured_media":33204,"comment_status":"closed","ping_status":"closed","sticky":false,"template":"","format":"standard","meta":{"footnotes":""},"categories":[7],"tags":[],"class_list":{"0":"post-33203","1":"post","2":"type-post","3":"status-publish","4":"format-standard","5":"has-post-thumbnail","7":"category-policia"},"_links":{"self":[{"href":"https:\/\/senoticias.com.br\/se\/wp-json\/wp\/v2\/posts\/33203"}],"collection":[{"href":"https:\/\/senoticias.com.br\/se\/wp-json\/wp\/v2\/posts"}],"about":[{"href":"https:\/\/senoticias.com.br\/se\/wp-json\/wp\/v2\/types\/post"}],"author":[{"embeddable":true,"href":"https:\/\/senoticias.com.br\/se\/wp-json\/wp\/v2\/users\/3"}],"replies":[{"embeddable":true,"href":"https:\/\/senoticias.com.br\/se\/wp-json\/wp\/v2\/comments?post=33203"}],"version-history":[{"count":0,"href":"https:\/\/senoticias.com.br\/se\/wp-json\/wp\/v2\/posts\/33203\/revisions"}],"wp:featuredmedia":[{"embeddable":true,"href":"https:\/\/senoticias.com.br\/se\/wp-json\/wp\/v2\/media\/33204"}],"wp:attachment":[{"href":"https:\/\/senoticias.com.br\/se\/wp-json\/wp\/v2\/media?parent=33203"}],"wp:term":[{"taxonomy":"category","embeddable":true,"href":"https:\/\/senoticias.com.br\/se\/wp-json\/wp\/v2\/categories?post=33203"},{"taxonomy":"post_tag","embeddable":true,"href":"https:\/\/senoticias.com.br\/se\/wp-json\/wp\/v2\/tags?post=33203"}],"curies":[{"name":"wp","href":"https:\/\/api.w.org\/{rel}","templated":true}]}}