{"id":33196,"date":"2012-05-25T15:44:47","date_gmt":"2012-05-25T18:44:47","guid":{"rendered":"http:\/\/senoticias.com.br\/se\/?p=33196"},"modified":"2012-05-26T21:47:44","modified_gmt":"2012-05-27T00:47:44","slug":"governador-recebe-diretor-de-implantacao-de-projetos-da-vale","status":"publish","type":"post","link":"https:\/\/senoticias.com.br\/se\/governador-recebe-diretor-de-implantacao-de-projetos-da-vale\/","title":{"rendered":"Governador recebe diretor de Implanta\u00e7\u00e3o de Projetos da Vale"},"content":{"rendered":"<div id=\"attachment_33197\" style=\"width: 310px\" class=\"wp-caption alignleft\"><a href=\"http:\/\/senoticias.com.br\/se\/wp-content\/uploads\/2012\/05\/VisitadeGalibChainValeFotoMarcelleCristinne5.jpg\"><img loading=\"lazy\" decoding=\"async\" aria-describedby=\"caption-attachment-33197\" class=\"size-medium wp-image-33197\" title=\"\" src=\"http:\/\/senoticias.com.br\/se\/wp-content\/uploads\/2012\/05\/VisitadeGalibChainValeFotoMarcelleCristinne5-300x199.jpg\" alt=\"\" width=\"300\" height=\"199\" srcset=\"https:\/\/senoticias.com.br\/se\/wp-content\/uploads\/2012\/05\/VisitadeGalibChainValeFotoMarcelleCristinne5-300x199.jpg 300w, https:\/\/senoticias.com.br\/se\/wp-content\/uploads\/2012\/05\/VisitadeGalibChainValeFotoMarcelleCristinne5-342x226.jpg 342w, https:\/\/senoticias.com.br\/se\/wp-content\/uploads\/2012\/05\/VisitadeGalibChainValeFotoMarcelleCristinne5.jpg 600w\" sizes=\"(max-width: 300px) 100vw, 300px\" \/><\/a><p id=\"caption-attachment-33197\" class=\"wp-caption-text\">Governador recebe diretor de Implanta\u00e7\u00e3o de Projetos da Vale.(Foto: Marcelle Cristinne\/ASN)<\/p><\/div>\n<p style=\"text-align: justify;\">No final da manh\u00e3 desta sexta-feira, 25, o governador Marcelo D\u00e9da recebeu o diretor Executivo de Implanta\u00e7\u00e3o de Projetos da Vale, Galib Chain, e o gerente de Rela\u00e7\u00f5es Institucionais de Sergipe e Bahia da Vale, Jos\u00e9 Roberto Macedo. O encontro ocorreu no Pal\u00e1cio de Veraneio.<\/p>\n<p style=\"text-align: justify;\">Os executivos vieram apresentar ao governador algumas das diretrizes que pretendem implementar a partir do in\u00edcio da efetiva\u00e7\u00e3o do projeto, a exemplo da prioriza\u00e7\u00e3o da contrata\u00e7\u00e3o de fornecedores e m\u00e3o de obra no mercado local. \u201cDentro das tratativas do Governo do Estado com a Vale para a implanta\u00e7\u00e3o do projeto Carnalita, n\u00f3s recebemos hoje o diretor Executivo de Implanta\u00e7\u00e3o de Projetos, que \u00e9 o respons\u00e1vel por construir a planta e erguer o empreendimento\u201d, afirmou o governador Marcelo D\u00e9da.<\/p>\n<p style=\"text-align: justify;\">Nesse sentido, segundo Marcelo D\u00e9da, a conversa foi muito proveitosa j\u00e1 que o executivo trouxe a confirma\u00e7\u00e3o de v\u00e1rias solicita\u00e7\u00f5es que o Governo do Estado apresentou. \u201cTemos preocupa\u00e7\u00f5es, sobretudo, com a prepara\u00e7\u00e3o do mercado sergipano para que nossas empresas e nossos trabalhadores tenham prioridade quando as vagas forem abertas quando da constru\u00e7\u00e3o da planta\u201d, argumentou D\u00e9da.<\/p>\n<p style=\"text-align: justify;\">Ainda de acordo com o governador, o executivo reafirmou a disposi\u00e7\u00e3o de trabalhar integrado \u00e0 pol\u00edtica de gera\u00e7\u00e3o de empregos do governo do Estado e de transformar este num empreendimento modelo para a Vale no mundo. \u201cIsso se dar\u00e1 a partir da capacidade que o empreendimento tiver de interagir com as comunidades onde se encontra, com a m\u00e3o de obra local e com os empreendedores locais. Acertamos que no m\u00eas de agosto realizaremos um semin\u00e1rio com empres\u00e1rios sergipanos, representa\u00e7\u00f5es das ind\u00fastrias locais, sindicatos de trabalhadores e setores da sociedade civil organizada para preparar o ambiente para que o empreendimento tenha sinergia e uma integra\u00e7\u00e3o completa com a economia sergipana\u201d, informou o governador.<\/p>\n<p style=\"text-align: justify;\"><strong>Integra\u00e7\u00e3o com Munic\u00edpios<\/strong><\/p>\n<p style=\"text-align: justify;\">D\u00e9da anunciou ainda que dever\u00e1 ocorrer outra reuni\u00e3o com executivos da Vale na pr\u00f3xima semana, onde tamb\u00e9m ser\u00e3o convidados oficialmente os prefeitos dos munic\u00edpios de Capela e Japaratuba para que se avance na defini\u00e7\u00e3o do local da planta do projeto Carnalita. \u201cAcredito que as solu\u00e7\u00f5es jur\u00eddica, tribut\u00e1ria e operacional que os t\u00e9cnicos do Governo e da Vale est\u00e3o trabalhando possibilitar\u00e3o fazer justi\u00e7a aos dois munic\u00edpios\u201d, declarou o governador.<\/p>\n<p style=\"text-align: justify;\">J\u00e1 o diretor Executivo, Galib Chain, afirmou que a reuni\u00e3o foi muito produtiva, sobretudo, pela inten\u00e7\u00e3o do governador em continuar exercendo um importante papel de interlocutor para agilizar todos os processos relacionados ao projeto. \u201cA receptividade e o encaminhamento que o governador deu \u00e0s quest\u00f5es que apresentamos foram acima do esperado. Ficamos gratos ao governador tamb\u00e9m pelas a\u00e7\u00f5es que est\u00e3o em curso para poder dar suporte \u00e0 aprova\u00e7\u00e3o do projeto junto aos acionistas da empresa, o que dever\u00e1 ocorrer at\u00e9 o final do ano\u201d, destacou Chain.<\/p>\n<p style=\"text-align: justify;\">Segundo ele, todos os preparativos est\u00e3o sendo dinamizados com v\u00e1rias frentes de trabalho, pesquisas de campo e de engenharia e desenvolvimento de atividades precursoras. \u201cAcreditamos que os trabalhos sociais em andamento e gest\u00e3o territorial, onde precisamos do apoio do governo, est\u00e3o todos bem encaminhados para todo o processo de aprova\u00e7\u00e3o junto aos acionistas e implanta\u00e7\u00e3o do projeto\u201d, garantiu o executivo.<\/p>\n<p style=\"text-align: justify;\">Tamb\u00e9m participaram da reuni\u00e3o os secret\u00e1rios de Estado do Planejamento, Or\u00e7amento e Gest\u00e3o, Oliveira J\u00fanior; do Desenvolvimento Econ\u00f4mico, Ci\u00eancia e Tecnologia, Saum\u00edneo Nascimento, al\u00e9m do presidente da Companhia Estadual de Desenvolvimento Industrial (Codise), D\u00e9cio Portela.<\/p>\n<p style=\"text-align: justify;\"><span style=\"color: #666699;\"><em><strong>Ag\u00eancia Sergipe de Not\u00edcias<\/strong><\/em><\/span><\/p>\n","protected":false},"excerpt":{"rendered":"<p>No final da manh\u00e3 desta sexta-feira, 25, o governador Marcelo D\u00e9da recebeu o diretor Executivo de Implanta\u00e7\u00e3o de Projetos da Vale, Galib Chain, e o gerente de Rela\u00e7\u00f5es Institucionais de Sergipe e Bahia da Vale, Jos\u00e9 Roberto Macedo. O encontro ocorreu no Pal\u00e1cio de Veraneio. Os executivos vieram apresentar ao governador algumas das diretrizes que [&hellip;]<\/p>\n","protected":false},"author":3,"featured_media":33197,"comment_status":"closed","ping_status":"closed","sticky":false,"template":"","format":"standard","meta":{"footnotes":""},"categories":[6],"tags":[],"class_list":{"0":"post-33196","1":"post","2":"type-post","3":"status-publish","4":"format-standard","5":"has-post-thumbnail","7":"category-politica"},"_links":{"self":[{"href":"https:\/\/senoticias.com.br\/se\/wp-json\/wp\/v2\/posts\/33196"}],"collection":[{"href":"https:\/\/senoticias.com.br\/se\/wp-json\/wp\/v2\/posts"}],"about":[{"href":"https:\/\/senoticias.com.br\/se\/wp-json\/wp\/v2\/types\/post"}],"author":[{"embeddable":true,"href":"https:\/\/senoticias.com.br\/se\/wp-json\/wp\/v2\/users\/3"}],"replies":[{"embeddable":true,"href":"https:\/\/senoticias.com.br\/se\/wp-json\/wp\/v2\/comments?post=33196"}],"version-history":[{"count":0,"href":"https:\/\/senoticias.com.br\/se\/wp-json\/wp\/v2\/posts\/33196\/revisions"}],"wp:featuredmedia":[{"embeddable":true,"href":"https:\/\/senoticias.com.br\/se\/wp-json\/wp\/v2\/media\/33197"}],"wp:attachment":[{"href":"https:\/\/senoticias.com.br\/se\/wp-json\/wp\/v2\/media?parent=33196"}],"wp:term":[{"taxonomy":"category","embeddable":true,"href":"https:\/\/senoticias.com.br\/se\/wp-json\/wp\/v2\/categories?post=33196"},{"taxonomy":"post_tag","embeddable":true,"href":"https:\/\/senoticias.com.br\/se\/wp-json\/wp\/v2\/tags?post=33196"}],"curies":[{"name":"wp","href":"https:\/\/api.w.org\/{rel}","templated":true}]}}