{"id":33191,"date":"2012-05-25T15:32:06","date_gmt":"2012-05-25T18:32:06","guid":{"rendered":"http:\/\/senoticias.com.br\/se\/?p=33191"},"modified":"2012-05-26T14:10:08","modified_gmt":"2012-05-26T17:10:08","slug":"justica-determina-suspensao-da-xxvi-festa-do-vaqueiro-de-ribeiropolis","status":"publish","type":"post","link":"https:\/\/senoticias.com.br\/se\/justica-determina-suspensao-da-xxvi-festa-do-vaqueiro-de-ribeiropolis\/","title":{"rendered":"Justi\u00e7a determina suspens\u00e3o da XXVI Festa do Vaqueiro de Ribeir\u00f3polis"},"content":{"rendered":"<p style=\"text-align: justify;\"><a href=\"http:\/\/senoticias.com.br\/se\/wp-content\/uploads\/2012\/05\/festa-do-Vaqueiro-300x300.jpg\"><img loading=\"lazy\" decoding=\"async\" class=\"alignleft size-full wp-image-33192\" title=\"festa-do-Vaqueiro-300x300\" src=\"http:\/\/senoticias.com.br\/se\/wp-content\/uploads\/2012\/05\/festa-do-Vaqueiro-300x300.jpg\" alt=\"\" width=\"300\" height=\"300\" srcset=\"https:\/\/senoticias.com.br\/se\/wp-content\/uploads\/2012\/05\/festa-do-Vaqueiro-300x300.jpg 300w, https:\/\/senoticias.com.br\/se\/wp-content\/uploads\/2012\/05\/festa-do-Vaqueiro-300x300-150x150.jpg 150w, https:\/\/senoticias.com.br\/se\/wp-content\/uploads\/2012\/05\/festa-do-Vaqueiro-300x300-50x50.jpg 50w, https:\/\/senoticias.com.br\/se\/wp-content\/uploads\/2012\/05\/festa-do-Vaqueiro-300x300-70x70.jpg 70w, https:\/\/senoticias.com.br\/se\/wp-content\/uploads\/2012\/05\/festa-do-Vaqueiro-300x300-55x55.jpg 55w\" sizes=\"(max-width: 300px) 100vw, 300px\" \/><\/a>O Ju\u00edzo de Direito da Comarca de Ribeir\u00f3polis concedeu medida liminar visando \u00e0 suspens\u00e3o da \u201cXXVI Festa do Vaqueiro de Ribeir\u00f3polis\u201d. A A\u00e7\u00e3o Civil P\u00fablica foi proposta por interm\u00e9dio do Promotor de Justi\u00e7a Cl\u00e1udio Roberto de Alfredo Sousa.<\/p>\n<p style=\"text-align: justify;\">O organizador do evento n\u00e3o obedeceu ao prazo de vinte dias de anteced\u00eancia para\u00a0 apresentar a documenta\u00e7\u00e3o exigida pela Portaria n\u00b0026\/2011, que regulamenta a Resolu\u00e7\u00e3o n\u00b0001\/2011 da SSP\/SE, a qual discorre acerca da disponibiliza\u00e7\u00e3o de policiamento ostensivo para espet\u00e1culos p\u00fablicos.<\/p>\n<p style=\"text-align: justify;\">Al\u00e9m disso, n\u00e3o havia informa\u00e7\u00e3o acerca da presen\u00e7a de equipe m\u00e9dica durante o evento. Esse fator, aliado \u00e0 impossibilidade de planejamento e operacionaliza\u00e7\u00e3o da devida seguran\u00e7a, comprometeria a salubridade, integridade f\u00edsica, boa ordem e, at\u00e9 mesmo, a vida dos que estivessem presentes.<\/p>\n<p style=\"text-align: justify;\">A suspens\u00e3o ser\u00e1 fiscalizada por um Oficial de Justi\u00e7a, o qual dever\u00e1 constatar a ocorr\u00eancia de apresenta\u00e7\u00f5es entre os dias 26 e 27 de maio. Caso ocorram, ser\u00e1 aplicada uma pena de multa di\u00e1ria ao requerido, no valor de R$50.000,00 (cinquenta mil reais), que ser\u00e1 destinado ao fundo municipal dos direitos da crian\u00e7a e do adolescente.<\/p>\n<p style=\"text-align: justify;\"><strong>Coordenadoria de Comunica\u00e7\u00e3o \u2013 MP\/SE<\/strong><\/p>\n","protected":false},"excerpt":{"rendered":"<p>O Ju\u00edzo de Direito da Comarca de Ribeir\u00f3polis concedeu medida liminar visando \u00e0 suspens\u00e3o da \u201cXXVI Festa do Vaqueiro de Ribeir\u00f3polis\u201d. A A\u00e7\u00e3o Civil P\u00fablica foi proposta por interm\u00e9dio do Promotor de Justi\u00e7a Cl\u00e1udio Roberto de Alfredo Sousa. O organizador do evento n\u00e3o obedeceu ao prazo de vinte dias de anteced\u00eancia para\u00a0 apresentar a documenta\u00e7\u00e3o [&hellip;]<\/p>\n","protected":false},"author":3,"featured_media":33192,"comment_status":"closed","ping_status":"closed","sticky":false,"template":"","format":"standard","meta":{"footnotes":""},"categories":[38],"tags":[],"class_list":{"0":"post-33191","1":"post","2":"type-post","3":"status-publish","4":"format-standard","5":"has-post-thumbnail","7":"category-municipios"},"_links":{"self":[{"href":"https:\/\/senoticias.com.br\/se\/wp-json\/wp\/v2\/posts\/33191"}],"collection":[{"href":"https:\/\/senoticias.com.br\/se\/wp-json\/wp\/v2\/posts"}],"about":[{"href":"https:\/\/senoticias.com.br\/se\/wp-json\/wp\/v2\/types\/post"}],"author":[{"embeddable":true,"href":"https:\/\/senoticias.com.br\/se\/wp-json\/wp\/v2\/users\/3"}],"replies":[{"embeddable":true,"href":"https:\/\/senoticias.com.br\/se\/wp-json\/wp\/v2\/comments?post=33191"}],"version-history":[{"count":0,"href":"https:\/\/senoticias.com.br\/se\/wp-json\/wp\/v2\/posts\/33191\/revisions"}],"wp:featuredmedia":[{"embeddable":true,"href":"https:\/\/senoticias.com.br\/se\/wp-json\/wp\/v2\/media\/33192"}],"wp:attachment":[{"href":"https:\/\/senoticias.com.br\/se\/wp-json\/wp\/v2\/media?parent=33191"}],"wp:term":[{"taxonomy":"category","embeddable":true,"href":"https:\/\/senoticias.com.br\/se\/wp-json\/wp\/v2\/categories?post=33191"},{"taxonomy":"post_tag","embeddable":true,"href":"https:\/\/senoticias.com.br\/se\/wp-json\/wp\/v2\/tags?post=33191"}],"curies":[{"name":"wp","href":"https:\/\/api.w.org\/{rel}","templated":true}]}}