{"id":33185,"date":"2012-05-25T15:09:00","date_gmt":"2012-05-25T18:09:00","guid":{"rendered":"http:\/\/senoticias.com.br\/se\/?p=33185"},"modified":"2012-05-25T23:10:04","modified_gmt":"2012-05-26T02:10:04","slug":"mpfse-quer-que-correios-entreguem-correspondencias-em-brejao-dos-negros","status":"publish","type":"post","link":"https:\/\/senoticias.com.br\/se\/mpfse-quer-que-correios-entreguem-correspondencias-em-brejao-dos-negros\/","title":{"rendered":"MPF\/SE quer que Correios entreguem correspond\u00eancias em Brej\u00e3o dos Negros"},"content":{"rendered":"<p style=\"text-align: justify;\"><a href=\"http:\/\/senoticias.com.br\/se\/wp-content\/uploads\/2011\/04\/MPF.jpg\"><img loading=\"lazy\" decoding=\"async\" class=\"alignleft size-thumbnail wp-image-4349\" title=\"MPF\" src=\"http:\/\/senoticias.com.br\/se\/wp-content\/uploads\/2011\/04\/MPF-150x150.jpg\" alt=\"\" width=\"150\" height=\"150\" srcset=\"https:\/\/senoticias.com.br\/se\/wp-content\/uploads\/2011\/04\/MPF-150x150.jpg 150w, https:\/\/senoticias.com.br\/se\/wp-content\/uploads\/2011\/04\/MPF-50x50.jpg 50w, https:\/\/senoticias.com.br\/se\/wp-content\/uploads\/2011\/04\/MPF-70x70.jpg 70w, https:\/\/senoticias.com.br\/se\/wp-content\/uploads\/2011\/04\/MPF-55x55.jpg 55w\" sizes=\"(max-width: 150px) 100vw, 150px\" \/><\/a>O Minist\u00e9rio P\u00fablico Federal (MPF), atrav\u00e9s da Procuradoria Regional dos Direitos do Cidad\u00e3o em Sergipe (PRDC\/SE), est\u00e1 processando a Empresa Brasileira de Correios e Tel\u00e9grafos (ECT) por n\u00e3o entregar correspond\u00eancias no povoado Brej\u00e3o dos Negros, localizado em Brejo Grande. As cartas est\u00e3o sendo entregues na ag\u00eancia central do munic\u00edpio, localizada a 8 km de dist\u00e2ncia.<\/p>\n<p style=\"text-align: justify;\">A princ\u00edpio, os Correios tinham alegado que n\u00e3o poderiam realizar a entrega em raz\u00e3o da falta de oficializa\u00e7\u00e3o dos logradouros do povoado. Assim, o MPF enviou uma recomenda\u00e7\u00e3o \u00e0 Prefeitura Municipal de Brejo Grande para que fosse feita a identifica\u00e7\u00e3o das casas atrav\u00e9s de placas, numera\u00e7\u00e3o dos im\u00f3veis e que um espa\u00e7o f\u00edsico fosse disponibilizado para a administra\u00e7\u00e3o e manuten\u00e7\u00e3o de caixas postais comunit\u00e1rias.<\/p>\n<p style=\"text-align: justify;\">A prefeitura acatou e cumpriu a recomenda\u00e7\u00e3o, mas a ECT continuou sem entregar as correspond\u00eancias em Brej\u00e3o dos Negros. A situa\u00e7\u00e3o ocasiona diversos preju\u00edzos aos moradores da regi\u00e3o, que n\u00e3o t\u00eam o direito de receber as cartas em casa assegurado.<\/p>\n<p style=\"text-align: justify;\">O procurador regional dos direitos do cidad\u00e3o e autor da a\u00e7\u00e3o, Pablo Coutinho Barreto, ressaltou ainda que a regularidade do im\u00f3vel com o munic\u00edpio \u00e9 quest\u00e3o de pol\u00edtica urbana, nada tendo a ver com a presta\u00e7\u00e3o do servi\u00e7o postal. Dessa forma, condicionar a presta\u00e7\u00e3o do servi\u00e7o postal \u00e0 ordena\u00e7\u00e3o da cidade, na forma imposta pelos Correios, \u00e9 uma atitude ilegal.<\/p>\n<p style=\"text-align: justify;\"><strong>Pedido \u2013<\/strong> O MPF pediu \u00e0 Justi\u00e7a Federal que conceda uma liminar que obrigue os Correios a executar o servi\u00e7o postal de entrega individualizada e em domic\u00edlio em Brej\u00e3o dos Negros, sob pena de multa di\u00e1ria de R$ 1 mil. Em car\u00e1ter definitivo, o MPF refor\u00e7ou o pedido da liminar e pediu condena\u00e7\u00e3o ao pagamento de indeniza\u00e7\u00e3o por danos morais coletivos em valor n\u00e3o inferior a R$ 100 mil.<\/p>\n<p style=\"text-align: justify;\"><span style=\"color: #808080;\"><strong>Assessoria de Comunica\u00e7\u00e3o<\/strong><\/span><br \/>\n<span style=\"color: #808080;\"><strong>Minist\u00e9rio P\u00fablico Federal em Sergipe<\/strong><\/span><\/p>\n","protected":false},"excerpt":{"rendered":"<p>O Minist\u00e9rio P\u00fablico Federal (MPF), atrav\u00e9s da Procuradoria Regional dos Direitos do Cidad\u00e3o em Sergipe (PRDC\/SE), est\u00e1 processando a Empresa Brasileira de Correios e Tel\u00e9grafos (ECT) por n\u00e3o entregar correspond\u00eancias no povoado Brej\u00e3o dos Negros, localizado em Brejo Grande. As cartas est\u00e3o sendo entregues na ag\u00eancia central do munic\u00edpio, localizada a 8 km de dist\u00e2ncia. [&hellip;]<\/p>\n","protected":false},"author":3,"featured_media":4349,"comment_status":"closed","ping_status":"closed","sticky":false,"template":"","format":"standard","meta":{"footnotes":""},"categories":[38],"tags":[],"class_list":{"0":"post-33185","1":"post","2":"type-post","3":"status-publish","4":"format-standard","5":"has-post-thumbnail","7":"category-municipios"},"_links":{"self":[{"href":"https:\/\/senoticias.com.br\/se\/wp-json\/wp\/v2\/posts\/33185"}],"collection":[{"href":"https:\/\/senoticias.com.br\/se\/wp-json\/wp\/v2\/posts"}],"about":[{"href":"https:\/\/senoticias.com.br\/se\/wp-json\/wp\/v2\/types\/post"}],"author":[{"embeddable":true,"href":"https:\/\/senoticias.com.br\/se\/wp-json\/wp\/v2\/users\/3"}],"replies":[{"embeddable":true,"href":"https:\/\/senoticias.com.br\/se\/wp-json\/wp\/v2\/comments?post=33185"}],"version-history":[{"count":0,"href":"https:\/\/senoticias.com.br\/se\/wp-json\/wp\/v2\/posts\/33185\/revisions"}],"wp:featuredmedia":[{"embeddable":true,"href":"https:\/\/senoticias.com.br\/se\/wp-json\/wp\/v2\/media\/4349"}],"wp:attachment":[{"href":"https:\/\/senoticias.com.br\/se\/wp-json\/wp\/v2\/media?parent=33185"}],"wp:term":[{"taxonomy":"category","embeddable":true,"href":"https:\/\/senoticias.com.br\/se\/wp-json\/wp\/v2\/categories?post=33185"},{"taxonomy":"post_tag","embeddable":true,"href":"https:\/\/senoticias.com.br\/se\/wp-json\/wp\/v2\/tags?post=33185"}],"curies":[{"name":"wp","href":"https:\/\/api.w.org\/{rel}","templated":true}]}}