{"id":33181,"date":"2012-05-25T15:04:40","date_gmt":"2012-05-25T18:04:40","guid":{"rendered":"http:\/\/senoticias.com.br\/se\/?p=33181"},"modified":"2012-05-25T20:55:13","modified_gmt":"2012-05-25T23:55:13","slug":"fraude-de-energia-eletrica-em-sergipe-provocou-sentenca-de-um-ano-de-reclusao","status":"publish","type":"post","link":"https:\/\/senoticias.com.br\/se\/fraude-de-energia-eletrica-em-sergipe-provocou-sentenca-de-um-ano-de-reclusao\/","title":{"rendered":"Fraude de energia el\u00e9trica em Sergipe provocou senten\u00e7a de um ano de reclus\u00e3o"},"content":{"rendered":"<p style=\"text-align: justify;\"><a href=\"http:\/\/senoticias.com.br\/se\/wp-content\/uploads\/2011\/11\/Energisa.jpg\"><img loading=\"lazy\" decoding=\"async\" class=\"alignleft size-full wp-image-17024\" title=\"Energisa\" src=\"http:\/\/senoticias.com.br\/se\/wp-content\/uploads\/2011\/11\/Energisa.jpg\" alt=\"\" width=\"194\" height=\"93\" \/><\/a>O furto de energia el\u00e9trica \u00e9 crime previsto no c\u00f3digo penal, art. 155, \u00a7 3\u00ba, com penas que variam de 01 a 05 anos de reclus\u00e3o. Dentro dessa previs\u00e3o, muitas senten\u00e7as t\u00eam sido aplicadas a pessoas que lan\u00e7am m\u00e3o de executarem a fraude de energia popularmente conhecida como \u2018gato\u2019.<\/p>\n<p style=\"text-align: justify;\">Uma dessas senten\u00e7as foi aplicada, no \u00faltimo dia 25 de abril, \u00e0 propriet\u00e1ria de um sal\u00e3o de beleza, localizado no bairro Salgado Filho. A empres\u00e1ria foi sentenciada a um ano de reclus\u00e3o e 10 dias de multa. A pena de reclus\u00e3o foi convertida em <strong>365 horas<\/strong> de servi\u00e7os a serem prestados \u00e0 comunidade.<\/p>\n<p style=\"text-align: justify;\">A senten\u00e7a criminal instaurada foi decidida em 1\u00aa inst\u00e2ncia. Este foi o segundo caso, em 2012, de senten\u00e7a de 01 ano de reclus\u00e3o gerada por causa de \u2018gato\u2019.<\/p>\n<p style=\"text-align: justify;\">Em 2011, em raz\u00e3o de fraudes de energia el\u00e9trica, 142 inqu\u00e9ritos foram abertos e 10 pessoas foram detidas. J\u00e1 em 2012, at\u00e9 o m\u00eas de mar\u00e7o, 03 pessoas foram detidas e abertos 19 inqu\u00e9ritos.<\/p>\n<p style=\"text-align: justify;\">O preju\u00edzo com fraudes de energia na maior concession\u00e1ria de Sergipe chegou, em 2011, a mais de R$ 23 milh\u00f5es.<\/p>\n","protected":false},"excerpt":{"rendered":"<p>O furto de energia el\u00e9trica \u00e9 crime previsto no c\u00f3digo penal, art. 155, \u00a7 3\u00ba, com penas que variam de 01 a 05 anos de reclus\u00e3o. Dentro dessa previs\u00e3o, muitas senten\u00e7as t\u00eam sido aplicadas a pessoas que lan\u00e7am m\u00e3o de executarem a fraude de energia popularmente conhecida como \u2018gato\u2019. Uma dessas senten\u00e7as foi aplicada, no [&hellip;]<\/p>\n","protected":false},"author":3,"featured_media":17024,"comment_status":"closed","ping_status":"closed","sticky":false,"template":"","format":"standard","meta":{"footnotes":""},"categories":[7],"tags":[],"class_list":{"0":"post-33181","1":"post","2":"type-post","3":"status-publish","4":"format-standard","5":"has-post-thumbnail","7":"category-policia"},"_links":{"self":[{"href":"https:\/\/senoticias.com.br\/se\/wp-json\/wp\/v2\/posts\/33181"}],"collection":[{"href":"https:\/\/senoticias.com.br\/se\/wp-json\/wp\/v2\/posts"}],"about":[{"href":"https:\/\/senoticias.com.br\/se\/wp-json\/wp\/v2\/types\/post"}],"author":[{"embeddable":true,"href":"https:\/\/senoticias.com.br\/se\/wp-json\/wp\/v2\/users\/3"}],"replies":[{"embeddable":true,"href":"https:\/\/senoticias.com.br\/se\/wp-json\/wp\/v2\/comments?post=33181"}],"version-history":[{"count":0,"href":"https:\/\/senoticias.com.br\/se\/wp-json\/wp\/v2\/posts\/33181\/revisions"}],"wp:featuredmedia":[{"embeddable":true,"href":"https:\/\/senoticias.com.br\/se\/wp-json\/wp\/v2\/media\/17024"}],"wp:attachment":[{"href":"https:\/\/senoticias.com.br\/se\/wp-json\/wp\/v2\/media?parent=33181"}],"wp:term":[{"taxonomy":"category","embeddable":true,"href":"https:\/\/senoticias.com.br\/se\/wp-json\/wp\/v2\/categories?post=33181"},{"taxonomy":"post_tag","embeddable":true,"href":"https:\/\/senoticias.com.br\/se\/wp-json\/wp\/v2\/tags?post=33181"}],"curies":[{"name":"wp","href":"https:\/\/api.w.org\/{rel}","templated":true}]}}