{"id":33175,"date":"2012-05-25T07:39:27","date_gmt":"2012-05-25T10:39:27","guid":{"rendered":"http:\/\/senoticias.com.br\/se\/?p=33175"},"modified":"2012-05-26T06:09:59","modified_gmt":"2012-05-26T09:09:59","slug":"pesquisa-mostra-joao-e-1%c2%ba-lugar-seguido-por-almeida-valadares-e-rogerio","status":"publish","type":"post","link":"https:\/\/senoticias.com.br\/se\/pesquisa-mostra-joao-e-1%c2%ba-lugar-seguido-por-almeida-valadares-e-rogerio\/","title":{"rendered":"Pesquisa mostra Jo\u00e3o \u00e9 1\u00ba lugar seguido por Almeida, Valadares e Rog\u00e9rio"},"content":{"rendered":"<p style=\"text-align: justify;\"><a href=\" http:\/\/www.primeiramao.blog.br\/post.aspx?id=3790\" target=\"_blank\"><span style=\"color: #0000ff;\"><em><strong>Do Blog Primeira M\u00e3o<\/strong><\/em><\/span><\/a><\/p>\n<p style=\"text-align: justify;\"><span style=\"color: #333333;\"><strong>Valadares Filho e Rog\u00e9rio Carvalho apararecem tecnicamente empatados<\/strong><\/span><\/p>\n<p style=\"text-align: justify;\"><a href=\"http:\/\/senoticias.com.br\/se\/wp-content\/uploads\/2011\/09\/Elei%C3%A7%C3%A3o-2012.jpg\"><img loading=\"lazy\" decoding=\"async\" class=\"alignleft size-full wp-image-13008\" title=\"Elei\u00e7\u00e3o 2012\" src=\"http:\/\/senoticias.com.br\/se\/wp-content\/uploads\/2011\/09\/Elei%C3%A7%C3%A3o-2012.jpg\" alt=\"\" width=\"184\" height=\"138\" \/><\/a>O Instituto Consult divulgou pesquis que mostra que o ex-governador Jo\u00e3o Alves\u00a0 Filho, pr\u00e9-candidato do DEM \u00e0 Prefeitura Municipal de Aracaju, \u00e9 o preferido da maioria\u00a0 dos eleitores aracajuanos para assumir o comando pol\u00edtico e administrativo da capital.\u00a0 Ele obteve 35.16%\u00a0 na pesquisa induzida realizada nos dias 15, 16 e 17 deste m\u00eas e\u00a0 registrada no Tribunal Superior Eleitoral (TSE) sob n\u00famero 00005\/2012.\u00a0 A pesquisa foi realizada em 38 bairros, onde foram ouvidos <strong>1800 eleitores<\/strong> e com uma margem de erro de\u00a0 3,4%. Ela mostra o pr\u00e9-candidato do PPS, deputado federal Jos\u00e9 Almeida Lima, em\u00a0 segundo lugar, com 16.04% das inten\u00e7\u00f5es de voto, sendo seguido pelos deputados federais\u00a0 Valadares Filho (PSB), com 8.44%, e Rog\u00e9rio Carvalho (PT), com8.38%. O\u00a0 Consult Pesquisa colocou o nome do empres\u00e1rio Augusto Franco Neto, a t\u00edtulo de teste, e ele obteve 2.46%. Logo depois vem o deputado estadual\u00a0 Zeca da Silva (PSC), com 1.73% e o advogado ex-presidente da sec\u00e7\u00e3o de Sergipe da Ordem\u00a0 dos Advogados do Brasil (OAB-SE) Henri Clay (PSOL), com 0,73%.<\/p>\n<p><strong>Os n\u00fameros da pesquisa<\/strong><\/p>\n<p>Jo\u00e3o Alves Filho&#8230;&#8230;&#8230;&#8230;.35.16%<br \/>\nAlmeida Lima&#8230;&#8230;&#8230;&#8230;&#8230;.16.04%<br \/>\nValadares Filho&#8230;&#8230;&#8230;&#8230;&#8230;8.44%<br \/>\nRog\u00e9rio Carvalho&#8230;&#8230;&#8230;.. 8.38<br \/>\nAugusto Franco Neto&#8230;&#8230;2.46%<br \/>\nZeca da Silva&#8230;&#8230;&#8230;&#8230;&#8230;&#8230;.1.73%<br \/>\nHenri Clay&#8230;&#8230;&#8230;&#8230;&#8230;&#8230;&#8230;..0.73%<br \/>\nNenhum deles&#8230;&#8230;&#8230;&#8230;..17.72%<br \/>\nN\u00e3o sabe\/n\u00e3o decidiu&#8230;.9.33%<\/p>\n","protected":false},"excerpt":{"rendered":"<p>Do Blog Primeira M\u00e3o Valadares Filho e Rog\u00e9rio Carvalho apararecem tecnicamente empatados O Instituto Consult divulgou pesquis que mostra que o ex-governador Jo\u00e3o Alves\u00a0 Filho, pr\u00e9-candidato do DEM \u00e0 Prefeitura Municipal de Aracaju, \u00e9 o preferido da maioria\u00a0 dos eleitores aracajuanos para assumir o comando pol\u00edtico e administrativo da capital.\u00a0 Ele obteve 35.16%\u00a0 na pesquisa [&hellip;]<\/p>\n","protected":false},"author":3,"featured_media":13008,"comment_status":"closed","ping_status":"closed","sticky":false,"template":"","format":"standard","meta":{"footnotes":""},"categories":[6],"tags":[],"class_list":{"0":"post-33175","1":"post","2":"type-post","3":"status-publish","4":"format-standard","5":"has-post-thumbnail","7":"category-politica"},"_links":{"self":[{"href":"https:\/\/senoticias.com.br\/se\/wp-json\/wp\/v2\/posts\/33175"}],"collection":[{"href":"https:\/\/senoticias.com.br\/se\/wp-json\/wp\/v2\/posts"}],"about":[{"href":"https:\/\/senoticias.com.br\/se\/wp-json\/wp\/v2\/types\/post"}],"author":[{"embeddable":true,"href":"https:\/\/senoticias.com.br\/se\/wp-json\/wp\/v2\/users\/3"}],"replies":[{"embeddable":true,"href":"https:\/\/senoticias.com.br\/se\/wp-json\/wp\/v2\/comments?post=33175"}],"version-history":[{"count":0,"href":"https:\/\/senoticias.com.br\/se\/wp-json\/wp\/v2\/posts\/33175\/revisions"}],"wp:featuredmedia":[{"embeddable":true,"href":"https:\/\/senoticias.com.br\/se\/wp-json\/wp\/v2\/media\/13008"}],"wp:attachment":[{"href":"https:\/\/senoticias.com.br\/se\/wp-json\/wp\/v2\/media?parent=33175"}],"wp:term":[{"taxonomy":"category","embeddable":true,"href":"https:\/\/senoticias.com.br\/se\/wp-json\/wp\/v2\/categories?post=33175"},{"taxonomy":"post_tag","embeddable":true,"href":"https:\/\/senoticias.com.br\/se\/wp-json\/wp\/v2\/tags?post=33175"}],"curies":[{"name":"wp","href":"https:\/\/api.w.org\/{rel}","templated":true}]}}