{"id":33160,"date":"2012-05-25T06:24:21","date_gmt":"2012-05-25T09:24:21","guid":{"rendered":"http:\/\/senoticias.com.br\/se\/?p=33160"},"modified":"2012-05-25T06:30:50","modified_gmt":"2012-05-25T09:30:50","slug":"pt-lanca-governando-com-br-e-reune-3-mil-militantes-no-iate-clube","status":"publish","type":"post","link":"https:\/\/senoticias.com.br\/se\/pt-lanca-governando-com-br-e-reune-3-mil-militantes-no-iate-clube\/","title":{"rendered":"PT Lan\u00e7a Governando.com.br e re\u00fane 3 mil militantes no Iate Clube"},"content":{"rendered":"<p style=\"text-align: justify;\"><a href=\"http:\/\/senoticias.com.br\/se\/wp-content\/uploads\/2011\/09\/PTI.png\"><img loading=\"lazy\" decoding=\"async\" class=\"alignleft size-medium wp-image-14101\" title=\"PTI\" src=\"http:\/\/senoticias.com.br\/se\/wp-content\/uploads\/2011\/09\/PTI-300x285.png\" alt=\"\" width=\"300\" height=\"285\" srcset=\"https:\/\/senoticias.com.br\/se\/wp-content\/uploads\/2011\/09\/PTI-300x285.png 300w, https:\/\/senoticias.com.br\/se\/wp-content\/uploads\/2011\/09\/PTI.png 320w\" sizes=\"(max-width: 300px) 100vw, 300px\" \/><\/a>Um marco para a pol\u00edtica sergipana. Assim declarou a vereadora do PT de Aracaju, Rosangela Santana ao descrever a audi\u00eancia p\u00fablica de debate do Programa de Governo do PT e do lan\u00e7amento nacional da rede social <a href=\"www.governando.com.br\" target=\"_blank\"><strong><span style=\"color: #0000ff;\">www.governando.com.br<\/span><\/strong><\/a>,\u00a0 no Iate Clube de Aracaju, evento que reuniu mais de tr\u00eas mil militantes de todo o Estado e representantes de outros partidos como por exemplo PSD, PMDB, PDT, PHS e PSDC.<\/p>\n<p style=\"text-align: justify;\">Antes de come\u00e7ar, a l\u00edder comunit\u00e1ria Isabel Canjirana comemorava \u201c Nunca, em toda hist\u00f3ria desta cidade, nenhum partido reuniu tantos militantes para discutir o plano de governo\u201d. Quem concordou com Dona Isabel foi a tamb\u00e9m l\u00edder comunit\u00e1ria N\u00fabia Santana. \u201c Nesta plen\u00e1ria temos a oportunidade de fazer como no Or\u00e7amento Participativo, pedir, discutir e debater, uma grande oportunidade\u201d, disse.<\/p>\n<p style=\"text-align: justify;\">O ator Isaac Galv\u00e3o leu o texto de abertura em que anunciou o programa e tamb\u00e9m a rede social www.governando.com.br. Depois, foi a vez das autoridades falarem. O presidente da C\u00e2mara, Emanuel Nascimento(PT) destacou a elabora\u00e7\u00e3o do plano de governo \u201c O PT sempre est\u00e1 na vanguarda das transforma\u00e7\u00f5es, mas n\u00e3o deixa de fortalecer e ouvir a base\u201d.\u00a0 Quem tem a mesma opini\u00e3o \u00e9 o deputado Gustinho Ribeiro (PSD) \u201c Quando a gente participa de um ato como este tem a certeza de que o PT tem um projeto diferenciado\u201d, comentou.<\/p>\n<p style=\"text-align: justify;\">A representante do PT Mulher, Maria Teles estava emocionada \u201c Quem tem a estrela no peito n\u00e3o v\u00ea dificuldade em construir i novo, o futuro\u201d, afirmou. Chico Buchinho, militante hist\u00f3rico e secret\u00e1rio de Estado da articula\u00e7\u00e3o dos movimentos sociais disse que \u201c O programa do governo do PT avan\u00e7ou em tudo o que j\u00e1 fizemos em Aracaju\u201d. J\u00e1 a deputada estadual pelo PT Concei\u00e7\u00e3o Vieira ressaltou \u201c Mesmo em um dia chuvoso, a milit\u00e2ncia n\u00e3o se negou a proposta de governo do PT\u201d.<\/p>\n<p style=\"text-align: justify;\">O presidente estadual do PT, o vice prefeito Silvio Santos avaliou o plano de governo \u201c Programa de Governo n\u00e3o \u00e9\u00a0 acess\u00f3rio ou perfumaria. \u00c9 o programa de governo que nos norteia\u201d, avaliou. O deputado federal M\u00e1rcio Macedo tamb\u00e9m marcou presen\u00e7a \u201cO Partido tem que estar unido para enfrentar os nossos advers\u00e1rios e defender nossas propostas\u201d, conclamou.<\/p>\n<p style=\"text-align: justify;\">Em seguida, o presidente do PT Aracaju, Usiel Rios, explicou como foi elaborado o plano de governo \u201c N\u00f3s reunimos os setoriais e pedimos 13 propostas e cada um assim o fez e hoje estamos aqui\u201d, comentou.<\/p>\n<p style=\"text-align: justify;\">O pr\u00e9-candidato a prefeitura de Aracaju, Rog\u00e9rio Carvalho, comentou \u201cHoje estamos trazendo uma proposta diferentes que \u00e9 o governar ponto com ponto BR. As pessoas interagem, sugerem, criticam e tomam as decis\u00f5es, com certeza, \u00e9 uma revolu\u00e7\u00e3o\u201d. Explicou.<\/p>\n<p style=\"text-align: justify;\"><strong>www.governando.com.br<\/strong><\/p>\n<p style=\"text-align: justify;\">O empres\u00e1rio da \u00e1rea de tecnologia, Sergio Cabral Cavalcante, explicou o funcionamento da ferramenta, que ser\u00e1 usada pelo PT e que foi lan\u00e7ada nacionalmente em Aracaju \u201c Esta ferramenta foi desenvolvida com base nas redes sociais e todos poder\u00e3o interagir, desde computadores at\u00e9 via celular por SMS. Foi desenvolvida aqui em Aracaju. Cada cidad\u00e3o poder\u00e1 entrar, sugerir, concordar, discordar das propostas. E o acesso \u00e9 livre, basta entrar e cadastrar\u201d, explicou.<\/p>\n","protected":false},"excerpt":{"rendered":"<p>Um marco para a pol\u00edtica sergipana. Assim declarou a vereadora do PT de Aracaju, Rosangela Santana ao descrever a audi\u00eancia p\u00fablica de debate do Programa de Governo do PT e do lan\u00e7amento nacional da rede social www.governando.com.br,\u00a0 no Iate Clube de Aracaju, evento que reuniu mais de tr\u00eas mil militantes de todo o Estado e [&hellip;]<\/p>\n","protected":false},"author":3,"featured_media":14101,"comment_status":"closed","ping_status":"closed","sticky":false,"template":"","format":"standard","meta":{"footnotes":""},"categories":[6],"tags":[],"class_list":{"0":"post-33160","1":"post","2":"type-post","3":"status-publish","4":"format-standard","5":"has-post-thumbnail","7":"category-politica"},"_links":{"self":[{"href":"https:\/\/senoticias.com.br\/se\/wp-json\/wp\/v2\/posts\/33160"}],"collection":[{"href":"https:\/\/senoticias.com.br\/se\/wp-json\/wp\/v2\/posts"}],"about":[{"href":"https:\/\/senoticias.com.br\/se\/wp-json\/wp\/v2\/types\/post"}],"author":[{"embeddable":true,"href":"https:\/\/senoticias.com.br\/se\/wp-json\/wp\/v2\/users\/3"}],"replies":[{"embeddable":true,"href":"https:\/\/senoticias.com.br\/se\/wp-json\/wp\/v2\/comments?post=33160"}],"version-history":[{"count":0,"href":"https:\/\/senoticias.com.br\/se\/wp-json\/wp\/v2\/posts\/33160\/revisions"}],"wp:featuredmedia":[{"embeddable":true,"href":"https:\/\/senoticias.com.br\/se\/wp-json\/wp\/v2\/media\/14101"}],"wp:attachment":[{"href":"https:\/\/senoticias.com.br\/se\/wp-json\/wp\/v2\/media?parent=33160"}],"wp:term":[{"taxonomy":"category","embeddable":true,"href":"https:\/\/senoticias.com.br\/se\/wp-json\/wp\/v2\/categories?post=33160"},{"taxonomy":"post_tag","embeddable":true,"href":"https:\/\/senoticias.com.br\/se\/wp-json\/wp\/v2\/tags?post=33160"}],"curies":[{"name":"wp","href":"https:\/\/api.w.org\/{rel}","templated":true}]}}