{"id":33152,"date":"2012-05-24T22:09:23","date_gmt":"2012-05-25T01:09:23","guid":{"rendered":"http:\/\/senoticias.com.br\/se\/?p=33152"},"modified":"2013-05-18T13:01:35","modified_gmt":"2013-05-18T16:01:35","slug":"artigo-thiago-fragata-escreve-sao-cristovao-e-simpatica-sim-senhor","status":"publish","type":"post","link":"https:\/\/senoticias.com.br\/se\/artigo-thiago-fragata-escreve-sao-cristovao-e-simpatica-sim-senhor\/","title":{"rendered":"Thiago Fragata escreve S\u00e3o Crist\u00f3v\u00e3o \u00e9 simp\u00e1tica, sim senhor!"},"content":{"rendered":"<p align=\"center\"><strong>S\u00e3o Crist\u00f3v\u00e3o \u00e9 simp\u00e1tica, sim senhor!<\/strong><\/p>\n<p>&nbsp;<\/p>\n<p align=\"right\">Thiago Fragata*<\/p>\n<div id=\"attachment_8081\" style=\"width: 160px\" class=\"wp-caption alignleft\"><a href=\"http:\/\/senoticias.com.br\/se\/wp-content\/uploads\/2011\/06\/Thiago-Fragata.jpg\"><img loading=\"lazy\" decoding=\"async\" aria-describedby=\"caption-attachment-8081\" class=\"size-full wp-image-8081\" title=\"Thiago Fragata\" src=\"http:\/\/senoticias.com.br\/se\/wp-content\/uploads\/2011\/06\/Thiago-Fragata.jpg\" alt=\"\" width=\"150\" height=\"150\" srcset=\"https:\/\/senoticias.com.br\/se\/wp-content\/uploads\/2011\/06\/Thiago-Fragata.jpg 150w, https:\/\/senoticias.com.br\/se\/wp-content\/uploads\/2011\/06\/Thiago-Fragata-50x50.jpg 50w, https:\/\/senoticias.com.br\/se\/wp-content\/uploads\/2011\/06\/Thiago-Fragata-70x70.jpg 70w, https:\/\/senoticias.com.br\/se\/wp-content\/uploads\/2011\/06\/Thiago-Fragata-55x55.jpg 55w\" sizes=\"(max-width: 150px) 100vw, 150px\" \/><\/a><p id=\"caption-attachment-8081\" class=\"wp-caption-text\">Thiago Fragata, \u00e9 diretor do Museu Hist\u00f3rico de Sergipe (MHS) \/ Reprodu\u00e7\u00e3o<\/p><\/div>\n<p style=\"text-align: justify;\">Marcos Cardoso, Secret\u00e1rio de Comunica\u00e7\u00e3o de Aracaju, ainda n\u00e3o havia expressado sua opini\u00e3o acerca da contenda territorial envolvendo S\u00e3o Crist\u00f3v\u00e3o e Aracaju pelo direito de gest\u00e3o dos povoados Mosqueiro, Areia Branca, Robalo, \u201c<em>um naco de terra<\/em>\u201d, segundo ele. Na semana passada, aproveitou a decis\u00e3o do<em> <\/em>presidente do Tribunal Regional Federal da 5\u00aa Regi\u00e3o (TRF-5), desembargador Paulo Roberto de Oliveira Lima, devolvendo a regi\u00e3o \u00e0 Capital e formulou um parecer marcado por uma \u201cidiossincrasia romana\u201d que inspirou esse historiador a escrever essas linhas. Seu texto dispon\u00edvel no Portal Infonet me fez lembrar a minha gradua\u00e7\u00e3o, onde aprendi que os legisladores da antiga Roma imperialista fundamentavam no Direito as invas\u00f5es de territ\u00f3rios \u201cb\u00e1rbaros\u201d. Era um esfor\u00e7o de \u201ccivilizar\u201d e levar \u201cfelicidade\u201d ao povo carente, na sua ignor\u00e2ncia, de ascender \u00e0 posi\u00e7\u00e3o de s\u00fadito e gozar das beneses da pax romana e\/ou do seu <em>modus vivendus<\/em>. Vejamos o que diz seu artigo.<\/p>\n<p style=\"text-align: justify;\">Intitulado \u201cS\u00e3o Crist\u00f3v\u00e3o \u00e9 um munic\u00edpio simp\u00e1tico\u201d reconhece a beleza e import\u00e2ncia do patrim\u00f4nio cultural do lugar, focado na arquitetura secular dos seus templos religiosos e sobrados, das suas pra\u00e7as dentre as quais a bela S\u00e3o Francisco, chancelada Patrim\u00f4nio da Humanidade pela UNESCO, al\u00e9m do pioneirismo do Cristo Redentor. Em seguida, procura explicar a sina do atraso ou a \u201cs\u00edndrome de Jo\u00e3o Bebe-\u00c1gua\u201d, calcada nas lam\u00farias em raz\u00e3o da perda do status de capital e da falta de uma alavanca progressista que reverta a condi\u00e7\u00e3o de cidade-dormit\u00f3rio, que se transformou ap\u00f3s a fal\u00eancia das f\u00e1bricas t\u00eaxteis na d\u00e9cada de 1970.<\/p>\n<p style=\"text-align: justify;\">Observa o ilustre secret\u00e1rio que a cidade n\u00e3o \u00e9 feliz, por isso sofre, e diagnostica o mal. Primeiro, afirma que na sua Hist\u00f3ria \u201cfaltam cidad\u00e3os ilustres\u201d, figurando t\u00e3o somente passageiros bem sucedidos como o m\u00e9dico Lourival Baptista, o industrial Augusto Franco, Crist\u00f3v\u00e3o de Barros, o seu fundador. Segundo, pela sua classe pol\u00edtica que se revelou nas \u00faltimas d\u00e9cadas um bando de gestores corruptos ou que se deixaram corromper \u00e0 frente do Executivo. A sua conclus\u00e3o \u00e9 dedicada ao caso do Mosqueiro e arrabalde, territ\u00f3rio de significativos investimentos da prefeitura de Aracaju; investimentos estes convertidos em escolas, postos de sa\u00fade, orla, que representam a festejada qualidade de vida aracajuana. Para ele, os benef\u00edcios justificam a decis\u00e3o do desembargador Paulo Roberto de Oliveira Lima, e deve acalmar o povo da regi\u00e3o, que abandonado pelos gestores sancristovenses vislumbram uma dupla felicidade: usufruir dos servi\u00e7os que conferem dignidade e morar numa capital como Aracaju.<\/p>\n<p style=\"text-align: justify;\">No seu desejo de minimizar qualquer import\u00e2ncia ocupada por S\u00e3o Crist\u00f3v\u00e3o, Marcos Cardoso informa que a cidade foi capital por pouco mais de 30 anos, contando da emancipa\u00e7\u00e3o pol\u00edtica de Sergipe da Bahia em 1820 at\u00e9 o ano da Mudan\u00e7a da Capital, 1855. Esclare\u00e7o que por volta de 1820 foi expedido um decreto imperial \u201cconfirmando\u201d a condi\u00e7\u00e3o da cidade-sede do poder governamental. Mas S\u00e3o Crist\u00f3v\u00e3o foi fundada em 1590 para \u201csediar\u201d a Capitania de Sergipe D&#8217;El Rey e manteve essa posi\u00e7\u00e3o at\u00e9 o ato da Mudan\u00e7a da Capital, assim perfazendo 265 anos.<\/p>\n<p style=\"text-align: justify;\">Quanto \u00e0 falta de ilustres sancristovenses na mem\u00f3ria do jornalista que \u00e9 escritor e um bom pesquisador, penso seja brincadeira. Desconfio que ele tenha folheado o Dicion\u00e1rio Bio-bibliogr\u00e1fico de Armindo Guaran\u00e1. Cito a obra porque \u00e9 refer\u00eancia e tratasse de um conjunto de biografias de ilustrados sergipanos que citam 53 sancristovenses; adendo, Guaran\u00e1 nasceu em S\u00e3o Crist\u00f3v\u00e3o. N\u00e3o tenho espa\u00e7o para falar da forma\u00e7\u00e3o e t\u00edtulos de tanto ilustrados, citarei os mais conhecidos, aqueles que t\u00eam nome gravado nas vias da Capital: jornalista Apulcro Motta, Ivo do Prado, Pereira Lobo que foi governador; Siqueira de Menezes, que al\u00e9m de Governador teve atua\u00e7\u00e3o marcante na vit\u00f3ria da Guerra de Canudos; Ananias de Azevedo, Manuel Dantas, Jos\u00e9 Augusto Garcez, este considerado pai da museologia sergipana; Frei Santa Cec\u00edlia, que deu m\u00fasica ao hino sergipano.<\/p>\n<p style=\"text-align: justify;\">Pra mim \u00e9 dif\u00edcil continuar lista de nomes dos tais ilustres, pois a cada dia procuro pesquisar os populares, os an\u00f4nimos destitu\u00eddos desta pretensa representatividade social cobrada pelo ilustrado Secret\u00e1rio de Comunica\u00e7\u00e3o de Aracaju. Contrariando seu ponto de vista, para mim os trabalhadores das granjas, das feiras, das empresas que vendem \u00e1gua, da pesca, da agricultura, enfim, os <em>honoris causa, <\/em>\u00e9 que fazem de S\u00e3o Crist\u00f3v\u00e3o um munic\u00edpio simp\u00e1tico, sim senhor.<\/p>\n<p style=\"text-align: justify;\">Acredito que a solu\u00e7\u00e3o jur\u00eddica para o imbr\u00f3glio gerado a partir da \u00e1rea litigada entre S\u00e3o Crist\u00f3v\u00e3o e Aracaju seja o plebiscito. Com a express\u00e3o \u201cplebiscito j\u00e1!\u201d gostaria de afrontar o discurso romano do Secret\u00e1rio de Comunica\u00e7\u00e3o de Aracaju, Marcos Cardoso. Plebiscito \u00e9 uma vota\u00e7\u00e3o onde o povo escolhe, expressa o seu desejo. A palavra vem de plebe, povo, que era o sustent\u00e1culo do poder tanto na antiga Roma quanto na atual democracia. Sabemos que por muito tempo a participa\u00e7\u00e3o do povo foi menosprezada em sua import\u00e2ncia tanto na constru\u00e7\u00e3o das realidades quanto na sustenta\u00e7\u00e3o do poder institu\u00eddo.<\/p>\n<p style=\"text-align: justify;\">Sem mais delongas, espero que o Supremo Tribunal Federal (STF) possa agilizar um plebiscito. Assim o povo decidir\u00e1 sobre a jurisdi\u00e7\u00e3o dos povoados de Mosqueiro, Robalo e Areia Branca, pois nunca o aludido discurso romano ir\u00e1 concluir \u201cd\u00ea a Aracaju o que \u00e9 de Aracaju e a S\u00e3o Crist\u00f3v\u00e3o o que \u00e9 de S\u00e3o Crist\u00f3v\u00e3o\u201d.<\/p>\n<p style=\"text-align: justify;\">* Thiago Fragata \u00e9 graduado em Hist\u00f3ria pela UFS, especialista em Hist\u00f3ria Cultural pela mesma institui\u00e7\u00e3o e diretor do Museu Hist\u00f3rico de Sergipe (MHS).<\/p>\n","protected":false},"excerpt":{"rendered":"<p>S\u00e3o Crist\u00f3v\u00e3o \u00e9 simp\u00e1tica, sim senhor! &nbsp; Thiago Fragata* Marcos Cardoso, Secret\u00e1rio de Comunica\u00e7\u00e3o de Aracaju, ainda n\u00e3o havia expressado sua opini\u00e3o acerca da contenda territorial envolvendo S\u00e3o Crist\u00f3v\u00e3o e Aracaju pelo direito de gest\u00e3o dos povoados Mosqueiro, Areia Branca, Robalo, \u201cum naco de terra\u201d, segundo ele. Na semana passada, aproveitou a decis\u00e3o do presidente [&hellip;]<\/p>\n","protected":false},"author":3,"featured_media":8081,"comment_status":"closed","ping_status":"closed","sticky":false,"template":"","format":"standard","meta":{"footnotes":""},"categories":[38,3],"tags":[],"class_list":{"0":"post-33152","1":"post","2":"type-post","3":"status-publish","4":"format-standard","5":"has-post-thumbnail","7":"category-municipios","8":"category-saocristovao"},"_links":{"self":[{"href":"https:\/\/senoticias.com.br\/se\/wp-json\/wp\/v2\/posts\/33152"}],"collection":[{"href":"https:\/\/senoticias.com.br\/se\/wp-json\/wp\/v2\/posts"}],"about":[{"href":"https:\/\/senoticias.com.br\/se\/wp-json\/wp\/v2\/types\/post"}],"author":[{"embeddable":true,"href":"https:\/\/senoticias.com.br\/se\/wp-json\/wp\/v2\/users\/3"}],"replies":[{"embeddable":true,"href":"https:\/\/senoticias.com.br\/se\/wp-json\/wp\/v2\/comments?post=33152"}],"version-history":[{"count":0,"href":"https:\/\/senoticias.com.br\/se\/wp-json\/wp\/v2\/posts\/33152\/revisions"}],"wp:featuredmedia":[{"embeddable":true,"href":"https:\/\/senoticias.com.br\/se\/wp-json\/wp\/v2\/media\/8081"}],"wp:attachment":[{"href":"https:\/\/senoticias.com.br\/se\/wp-json\/wp\/v2\/media?parent=33152"}],"wp:term":[{"taxonomy":"category","embeddable":true,"href":"https:\/\/senoticias.com.br\/se\/wp-json\/wp\/v2\/categories?post=33152"},{"taxonomy":"post_tag","embeddable":true,"href":"https:\/\/senoticias.com.br\/se\/wp-json\/wp\/v2\/tags?post=33152"}],"curies":[{"name":"wp","href":"https:\/\/api.w.org\/{rel}","templated":true}]}}