{"id":33133,"date":"2012-05-24T19:24:53","date_gmt":"2012-05-24T22:24:53","guid":{"rendered":"http:\/\/senoticias.com.br\/se\/?p=33133"},"modified":"2012-05-25T15:45:15","modified_gmt":"2012-05-25T18:45:15","slug":"deda-inaugura-centro-de-atendimento-a-mulher-voltado-a-nove-municipios-sergipanos","status":"publish","type":"post","link":"https:\/\/senoticias.com.br\/se\/deda-inaugura-centro-de-atendimento-a-mulher-voltado-a-nove-municipios-sergipanos\/","title":{"rendered":"D\u00e9da inaugura Centro de Atendimento \u00e0 Mulher voltado a nove munic\u00edpios sergipanos"},"content":{"rendered":"<div id=\"attachment_33134\" style=\"width: 310px\" class=\"wp-caption alignleft\"><a href=\"http:\/\/senoticias.com.br\/se\/wp-content\/uploads\/2012\/05\/VR160911.jpg\"><img loading=\"lazy\" decoding=\"async\" aria-describedby=\"caption-attachment-33134\" class=\"size-medium wp-image-33134\" title=\"VR160911\" src=\"http:\/\/senoticias.com.br\/se\/wp-content\/uploads\/2012\/05\/VR160911-300x200.jpg\" alt=\"\" width=\"300\" height=\"200\" srcset=\"https:\/\/senoticias.com.br\/se\/wp-content\/uploads\/2012\/05\/VR160911-300x200.jpg 300w, https:\/\/senoticias.com.br\/se\/wp-content\/uploads\/2012\/05\/VR160911-342x227.jpg 342w, https:\/\/senoticias.com.br\/se\/wp-content\/uploads\/2012\/05\/VR160911.jpg 600w\" sizes=\"(max-width: 300px) 100vw, 300px\" \/><\/a><p id=\"caption-attachment-33134\" class=\"wp-caption-text\">D\u00e9da inaugura Centro de Atendimento \u00e0 Mulher voltado a nove munic\u00edpios sergipanos\/Victor Ribeiro\/ASN<\/p><\/div>\n<p style=\"text-align: justify;\">Depois do territ\u00f3rio Centro Sul, o Leste sergipano tamb\u00e9m ganhou seu Centro Regionalizado de Atendimento \u00e0 Mulher em Situa\u00e7\u00e3o de Viol\u00eancia (Cream).\u00a0 Batizada com o nome de &#8216;Maria C\u00e9lia de Santana Magalh\u00e3es&#8217;, a unidade situada no munic\u00edpio de Carm\u00f3polis foi inaugurada na tarde desta quinta, 24, pelo governador Marcelo D\u00e9da, com a presen\u00e7a da m\u00e9dica sanitarista Karina Morelli, Diretora de Enfrentamento \u00e0 Viol\u00eancia contra as Mulheres da Secretaria de Pol\u00edtica para Mulheres da Presid\u00eancia da Rep\u00fablica, da prefeita do munic\u00edpio, Esmeralda Cruz, e da secret\u00e1ria estadual de Pol\u00edticas para Mulheres, Maria Teles.<\/p>\n<p style=\"text-align: justify;\">O novo Cream vai atender \u00e0 popula\u00e7\u00e3o dos nove munic\u00edpios que integram o territ\u00f3rio do Leste sergipano: <strong>Carm\u00f3polis, Japaratuba, Pirambu, Capela, General Maynard, Ros\u00e1rio do Catete, Divina Pastora, Siriri e Santa Rosa de Lima.<\/strong><\/p>\n<p style=\"text-align: justify;\">&#8220;O Centro representa mais um passo dado pelo governo do Estado, em parceria com as prefeituras municipais e com o governo Federal para consolidar uma pol\u00edtica de prote\u00e7\u00e3o \u00e0s mulheres. \u00c9 mais uma a\u00e7\u00e3o do governo, mais uma a\u00e7\u00e3o das prefeituras que est\u00e3o neste cons\u00f3rcio e do governo da Rep\u00fablica para que n\u00f3s possamos construir uma sociedade de paz, que valorize as mulheres, que combata a viol\u00eancia e que ofere\u00e7a, atrav\u00e9s de centros como esse, um local com apoio t\u00e9cnico, psicol\u00f3gico, jur\u00eddico e de assist\u00eancia social para as mulheres que est\u00e3o em situa\u00e7\u00e3o de viol\u00eancia. \u00c9 fundamental que esses centros existam para dar suporte \u00e0 pol\u00edtica do governo de prote\u00e7\u00e3o \u00e0 mulher&#8221;, destacou o governador.<\/p>\n<p style=\"text-align: justify;\">Iniciativa da Secretaria Especial de Pol\u00edticas para as Mulheres (SEPM), o Centro foi implantado gra\u00e7as a uma parceria firmada ente os governos federal e estadual e um cons\u00f3rcio entre as prefeituras municipais. O investimento foi de R$ 75.715,00 (aluguel, equipamentos e um ve\u00edculo para execu\u00e7\u00e3o de suas atividades) em recursos federais.<\/p>\n<p style=\"text-align: justify;\">A implanta\u00e7\u00e3o do Centro objetiva promover a cria\u00e7\u00e3o e a estrutura\u00e7\u00e3o de equipamento p\u00fablico para atendimento \u00e0 Mulher em situa\u00e7\u00e3o de vulnerabilidade, garantindo o atendimento social, psicol\u00f3gico e jur\u00eddico, orienta\u00e7\u00e3o e informa\u00e7\u00e3o \u00e0s mulheres em situa\u00e7\u00e3o de viol\u00eancia na perspectiva de fortalecer a autoestima e a constru\u00e7\u00e3o da cidadania dessas mulheres.<\/p>\n<p style=\"text-align: justify;\"><strong>Outras unidades<\/strong><\/p>\n<p style=\"text-align: justify;\">No modelo de parceria e cons\u00f3rcio com as prefeituras, Sergipe j\u00e1 conta com o Centro Regionalizado de Atendimento \u00e0 Mulher em Situa\u00e7\u00e3o de Viol\u00eancia do territ\u00f3rio Centro Sul, em Tobias Barreto, inaugurado em 2011.<\/p>\n<p style=\"text-align: justify;\">Por meio da SEPM, o Governo de Sergipe est\u00e1 articulando a instala\u00e7\u00e3o de novos centros nos demais territ\u00f3rios do estado. O centro do Territ\u00f3rio Sul dever\u00e1 ser instalado em Est\u00e2ncia; do Territ\u00f3rio do Alto Sert\u00e3o em Po\u00e7o Redondo; do Territ\u00f3rio do Baixo S\u00e3o Francisco em Propri\u00e1 e do Territ\u00f3rio do Agreste Central em Itabaiana.<\/p>\n<p style=\"text-align: justify;\">A Barra dos Coqueiros possui o &#8216;Centro Neuzice Barreto&#8217; que funciona com recursos do munic\u00edpio.<\/p>\n<p style=\"text-align: justify;\"><strong>Homenageada<\/strong><\/p>\n<p style=\"text-align: justify;\">Maria C\u00e9lia de Santana Magalh\u00e3es nasceu no Povoado Aguada, em Carm\u00f3polis, no dia 27\/11\/1945. Foi professora na Escola Rural de Aguada, at\u00e9 casar-se em 1969 com Manoel Joventino Magalh\u00e3es. Foi primeira-dama do munic\u00edpio de 1973 a 1976, \u00e9poca em que se dedicou a projetos sociais. Em 1985 envi\u00fava e passa a se dedicar aos quatro filhos: Joaquina, Alexandre, Patr\u00edcia e Armando.<\/p>\n<p style=\"text-align: justify;\"><strong>Ag\u00eancia Sergipe de Not\u00edcias<\/strong><\/p>\n","protected":false},"excerpt":{"rendered":"<p>Depois do territ\u00f3rio Centro Sul, o Leste sergipano tamb\u00e9m ganhou seu Centro Regionalizado de Atendimento \u00e0 Mulher em Situa\u00e7\u00e3o de Viol\u00eancia (Cream).\u00a0 Batizada com o nome de &#8216;Maria C\u00e9lia de Santana Magalh\u00e3es&#8217;, a unidade situada no munic\u00edpio de Carm\u00f3polis foi inaugurada na tarde desta quinta, 24, pelo governador Marcelo D\u00e9da, com a presen\u00e7a da m\u00e9dica [&hellip;]<\/p>\n","protected":false},"author":3,"featured_media":33134,"comment_status":"closed","ping_status":"closed","sticky":false,"template":"","format":"standard","meta":{"footnotes":""},"categories":[6],"tags":[],"class_list":{"0":"post-33133","1":"post","2":"type-post","3":"status-publish","4":"format-standard","5":"has-post-thumbnail","7":"category-politica"},"_links":{"self":[{"href":"https:\/\/senoticias.com.br\/se\/wp-json\/wp\/v2\/posts\/33133"}],"collection":[{"href":"https:\/\/senoticias.com.br\/se\/wp-json\/wp\/v2\/posts"}],"about":[{"href":"https:\/\/senoticias.com.br\/se\/wp-json\/wp\/v2\/types\/post"}],"author":[{"embeddable":true,"href":"https:\/\/senoticias.com.br\/se\/wp-json\/wp\/v2\/users\/3"}],"replies":[{"embeddable":true,"href":"https:\/\/senoticias.com.br\/se\/wp-json\/wp\/v2\/comments?post=33133"}],"version-history":[{"count":0,"href":"https:\/\/senoticias.com.br\/se\/wp-json\/wp\/v2\/posts\/33133\/revisions"}],"wp:featuredmedia":[{"embeddable":true,"href":"https:\/\/senoticias.com.br\/se\/wp-json\/wp\/v2\/media\/33134"}],"wp:attachment":[{"href":"https:\/\/senoticias.com.br\/se\/wp-json\/wp\/v2\/media?parent=33133"}],"wp:term":[{"taxonomy":"category","embeddable":true,"href":"https:\/\/senoticias.com.br\/se\/wp-json\/wp\/v2\/categories?post=33133"},{"taxonomy":"post_tag","embeddable":true,"href":"https:\/\/senoticias.com.br\/se\/wp-json\/wp\/v2\/tags?post=33133"}],"curies":[{"name":"wp","href":"https:\/\/api.w.org\/{rel}","templated":true}]}}