{"id":33128,"date":"2012-05-24T19:17:58","date_gmt":"2012-05-24T22:17:58","guid":{"rendered":"http:\/\/senoticias.com.br\/se\/?p=33128"},"modified":"2012-05-24T19:18:53","modified_gmt":"2012-05-24T22:18:53","slug":"enem-2012-estudantes-terao-acesso-a-redacao-corrigida-mas-nao-poderao-recorrer-da-nota","status":"publish","type":"post","link":"https:\/\/senoticias.com.br\/se\/enem-2012-estudantes-terao-acesso-a-redacao-corrigida-mas-nao-poderao-recorrer-da-nota\/","title":{"rendered":"Enem 2012: estudantes ter\u00e3o acesso \u00e0 reda\u00e7\u00e3o corrigida, mas n\u00e3o poder\u00e3o recorrer da nota"},"content":{"rendered":"<p style=\"text-align: justify;\">A partir deste ano, pela primeira vez, todos os participantes do Exame Nacional do Ensino M\u00e9dio (Enem) poder\u00e3o ter acesso \u00e0s reda\u00e7\u00f5es corrigidas. A mudan\u00e7a, anunciada hoje (24) pelo ministro da Educa\u00e7\u00e3o, Aloizio Mercadante, est\u00e1 prevista em um acordo firmado com o Minist\u00e9rio P\u00fablico Federal no ano passado.<\/p>\n<p style=\"text-align: justify;\">\u201cO acordo ser\u00e1 mantido. O que n\u00f3s estamos concluindo com o MPF \u00e9 a operacionaliza\u00e7\u00e3o do acesso porque ele tem que ser individualizado e ter absoluta seguran\u00e7a\u201d, disse Mercadante. De acordo com o ministro, a expectativa \u00e9 que, com a disponibiliza\u00e7\u00e3o do espelho da reda\u00e7\u00e3o e com as mudan\u00e7as anunciadas no processo de corre\u00e7\u00e3o, acabe a \u201cjudicializa\u00e7\u00e3o\u201d ocorrida no ano passado. Mas o edital do Enem n\u00e3o vai prever que o estudante recorra da nota obtida. Em 2011, muitos candidatos entraram na Justi\u00e7a para ter acesso \u00e0 prova e alguns conseguiram, inclusive, que a nota fosse revista.<\/p>\n<p style=\"text-align: justify;\">Para 2012, o Inep anunciou mudan\u00e7as nos crit\u00e9rios de corre\u00e7\u00e3o para tornar o processo mais objetivo. A reda\u00e7\u00e3o do Enem valer\u00e1 1.000 pontos e cada texto ser\u00e1 lido por dois corretores, que atribuir\u00e3o a nota de acordo com a avalia\u00e7\u00e3o de cinco compet\u00eancias, como o dom\u00ednio da norma culta, a capacidade de argumenta\u00e7\u00e3o e a compreens\u00e3o da proposta da reda\u00e7\u00e3o (tema). Cada item valer\u00e1 200 pontos.<\/p>\n<p style=\"text-align: justify;\">At\u00e9 o ano passado, se as notas dos avaliadores tivessem entre elas uma diferen\u00e7a superior a 300 pontos, uma terceira pessoa era chamada para fazer uma nova corre\u00e7\u00e3o. Para este ano, a margem de discrep\u00e2ncia caiu para 200 pontos. A terceira corre\u00e7\u00e3o tamb\u00e9m ser\u00e1 aplicada se houver diferen\u00e7a superior a 80 pontos em pelo menos uma das cinco compet\u00eancias. Se a discrep\u00e2ncia nas notas permanecer mesmo ap\u00f3s a terceira avalia\u00e7\u00e3o, ser\u00e1 convocada uma banca, formada por tr\u00eas professores, que far\u00e1 a corre\u00e7\u00e3o presencial.<\/p>\n<p style=\"text-align: justify;\">\u201cTodo texto tem algum grau de subjetividade, mas a mudan\u00e7a \u00e9 para que a gente d\u00ea seguran\u00e7a ao estudante do rigor dos procedimentos\u201d, disse Mercadante. Outra novidade \u00e9 que os corretores participar\u00e3o de um treinamento online, logo ap\u00f3s a aplica\u00e7\u00e3o da prova sobre o tema espec\u00edfico de 2012.<\/p>\n<p style=\"text-align: justify;\"><span style=\"color: #333333;\"><em><strong>Ag\u00eancia Brasil<\/strong><\/em><\/span><\/p>\n","protected":false},"excerpt":{"rendered":"<p>A partir deste ano, pela primeira vez, todos os participantes do Exame Nacional do Ensino M\u00e9dio (Enem) poder\u00e3o ter acesso \u00e0s reda\u00e7\u00f5es corrigidas. A mudan\u00e7a, anunciada hoje (24) pelo ministro da Educa\u00e7\u00e3o, Aloizio Mercadante, est\u00e1 prevista em um acordo firmado com o Minist\u00e9rio P\u00fablico Federal no ano passado. \u201cO acordo ser\u00e1 mantido. O que n\u00f3s [&hellip;]<\/p>\n","protected":false},"author":2,"featured_media":0,"comment_status":"closed","ping_status":"closed","sticky":false,"template":"","format":"standard","meta":{"footnotes":""},"categories":[1],"tags":[],"class_list":{"0":"post-33128","1":"post","2":"type-post","3":"status-publish","4":"format-standard","6":"category-sem-categoria"},"_links":{"self":[{"href":"https:\/\/senoticias.com.br\/se\/wp-json\/wp\/v2\/posts\/33128"}],"collection":[{"href":"https:\/\/senoticias.com.br\/se\/wp-json\/wp\/v2\/posts"}],"about":[{"href":"https:\/\/senoticias.com.br\/se\/wp-json\/wp\/v2\/types\/post"}],"author":[{"embeddable":true,"href":"https:\/\/senoticias.com.br\/se\/wp-json\/wp\/v2\/users\/2"}],"replies":[{"embeddable":true,"href":"https:\/\/senoticias.com.br\/se\/wp-json\/wp\/v2\/comments?post=33128"}],"version-history":[{"count":0,"href":"https:\/\/senoticias.com.br\/se\/wp-json\/wp\/v2\/posts\/33128\/revisions"}],"wp:attachment":[{"href":"https:\/\/senoticias.com.br\/se\/wp-json\/wp\/v2\/media?parent=33128"}],"wp:term":[{"taxonomy":"category","embeddable":true,"href":"https:\/\/senoticias.com.br\/se\/wp-json\/wp\/v2\/categories?post=33128"},{"taxonomy":"post_tag","embeddable":true,"href":"https:\/\/senoticias.com.br\/se\/wp-json\/wp\/v2\/tags?post=33128"}],"curies":[{"name":"wp","href":"https:\/\/api.w.org\/{rel}","templated":true}]}}