{"id":33123,"date":"2012-05-24T16:57:46","date_gmt":"2012-05-24T19:57:46","guid":{"rendered":"http:\/\/senoticias.com.br\/se\/?p=33123"},"modified":"2012-05-25T15:09:17","modified_gmt":"2012-05-25T18:09:17","slug":"adolescente-que-cometeu-homicidios-no-pre-caju-e-apreendido-tambem-por-assaltos","status":"publish","type":"post","link":"https:\/\/senoticias.com.br\/se\/adolescente-que-cometeu-homicidios-no-pre-caju-e-apreendido-tambem-por-assaltos\/","title":{"rendered":"Adolescente que cometeu homic\u00eddios no Pr\u00e9-Caju \u00e9 apreendido tamb\u00e9m por assaltos"},"content":{"rendered":"<p style=\"text-align: justify;\"><a href=\"http:\/\/senoticias.com.br\/se\/wp-content\/uploads\/2012\/04\/Pol%C3%ADcia-Civil-Sergipe.jpg\"><img loading=\"lazy\" decoding=\"async\" class=\"alignleft size-full wp-image-29790\" title=\"Pol\u00edcia Civil Sergipe\" src=\"http:\/\/senoticias.com.br\/se\/wp-content\/uploads\/2012\/04\/Pol%C3%ADcia-Civil-Sergipe.jpg\" alt=\"\" width=\"164\" height=\"215\" \/><\/a>Ap\u00f3s o registro de tr\u00eas assaltos a m\u00e3o armada realizados na semana passada, a Pol\u00edcia Civil, atrav\u00e9s da Delegacia de Turismo e a Coordenadoria de Pol\u00edcia Civil da Capital (Copcal), deu in\u00edcio as investiga\u00e7\u00f5es. No \u00faltimo domingo, 20, foi efetuado um procedimento ap\u00f3s a entrada no Hospital de Urg\u00eancia de Sergipe (HUSE) de um ex-presidi\u00e1rio identificado como Dickson Barreto Fontes que foi atingido por disparos de arma de fogo. At\u00e9 ent\u00e3o a pol\u00edcia n\u00e3o sabia da sua participa\u00e7\u00e3o nos crimes.<\/p>\n<p style=\"text-align: justify;\">J\u00e1 na segunda-feira, 21, policiais civis da Copcal conduziram um menor de 15 anos, morador do bairro Coroa do Meio, at\u00e9 a Delegacia de Turismo ap\u00f3s ser flagrado portando documentos de uma das v\u00edtimas. O jovem tem passagem pela pol\u00edcia por atos infracionais relacionados aos crimes de roubo e homic\u00eddios. &#8220;Esse menor foi o autor dos dois homic\u00eddios praticados na sexta-feira do Pr\u00e9-Caju 2012&#8221;, explicou a delegada Maria Zulnaria.<\/p>\n<p style=\"text-align: justify;\">Ao chegar \u00e0 delegacia, uma das v\u00edtimas estava no local para registrar o boletim de ocorr\u00eancia e ao v\u00ea o adolescente o reconheceu como um dos assaltantes. As demais v\u00edtimas foram informadas e tamb\u00e9m fizeram o reconhecimento do menor infrator. Com essa constata\u00e7\u00e3o os policiais comprovaram, tamb\u00e9m, a participa\u00e7\u00e3o do Dickson nos crimes. Ele tamb\u00e9m foi reconhecido pelas v\u00edtimas atrav\u00e9s de fotografia. &#8220;Ele est\u00e1 hospitalizado no HUSE ap\u00f3s ser ferido a tiros por uma das v\u00edtimas que tem porte de arma de fogo. Ele ser\u00e1 indiciado pelos crimes&#8221;, destacou o coordenador da Pol\u00edcia Civil da Capital, delegado Fl\u00e1vio Albuquerque.<\/p>\n<p style=\"text-align: justify;\">A dupla realizou tr\u00eas assaltos. No primeiro caso eles invadiram na tarde do dia 16 de maio, no bairro Coroa do Meio, uma resid\u00eancia rendendo um casal de namorados. Na oportunidade os criminosos levaram uma TV de Plasma, tr\u00eas notebooks, um som, quatro caixas de som, sete celulares e um carro Fiat Punto. O casal e mais quatro pessoas que estavam na casa foram dominados e trancados dentro de um quarto enquanto os assaltantes agiam. A dupla portava armas de fogo.<\/p>\n<p style=\"text-align: justify;\">\u201cOs relatos das v\u00edtimas s\u00e3o un\u00e2nimes com rela\u00e7\u00e3o a maneira que a dupla agia. Sempre com muita viol\u00eancia e utilizando armas de fogo. Eles sempre atuavam da mesma forma, rendendo as v\u00edtimas no retorno as casas e depois de amea\u00e7as de morte os criminosos subtraiam todo tipo de objeto de valor e depois fugiam utilizando algum ve\u00edculo da casa\u201d, explicou Zuln\u00e1ria.<\/p>\n<p style=\"text-align: justify;\">O segundo assalto foi registrado no bairro Atalaia na noite do dia 18 de maio. Na oportunidade, uma fam\u00edlia que chegava em casa, foi dominada pelos criminosos que estavam em uma motocicleta. Eles roubaram um ve\u00edculo Renault, tr\u00eas malas contendo roupas, documentos, dois celulares, o sal\u00e1rio do propriet\u00e1rio da casa, m\u00e1quina fotogr\u00e1fica e cart\u00f5es de cr\u00e9dito e duas passagens a\u00e9reas. O carro da v\u00edtima foi recuperado ap\u00f3s ser encontrado em um lix\u00e3o localizado no bairro Coroa do Meio.<\/p>\n<p style=\"text-align: justify;\">O \u00faltimo caso aconteceu no domingo, dia 20. A dupla agiu da mesma forma. Invadiu a resid\u00eancia da v\u00edtima armados com pistolas e ap\u00f3s render as v\u00edtimas roubaram uma corrente de ouro, tr\u00eas aparelhos celulares, documentos, R$ 600,00 em dinheiro, tr\u00eas notebooks e um ve\u00edculo Meriva.<\/p>\n<p style=\"text-align: justify;\">\u201cO menor \u00e9 um indiv\u00edduo de alta periculosidade. Ele foi internado ap\u00f3s os homic\u00eddios cometidos durante o Pr\u00e9-Caju. Essa interna\u00e7\u00e3o tem um prazo de 45 dias e depois o jovem \u00e9 liberado. A partir da\u00ed ele vinha agindo na companhia do Dikson, realizando diversos assaltos a m\u00e3o armada. Ainda existe um procedimento em curso aqui na DETUR e mais tr\u00eas na 4\u00aa DM que t\u00eam como suspeito a dupla\u201d, finalizou Albuquerque.<\/p>\n<p style=\"text-align: justify;\">SSP\/SE<\/p>\n","protected":false},"excerpt":{"rendered":"<p>Ap\u00f3s o registro de tr\u00eas assaltos a m\u00e3o armada realizados na semana passada, a Pol\u00edcia Civil, atrav\u00e9s da Delegacia de Turismo e a Coordenadoria de Pol\u00edcia Civil da Capital (Copcal), deu in\u00edcio as investiga\u00e7\u00f5es. No \u00faltimo domingo, 20, foi efetuado um procedimento ap\u00f3s a entrada no Hospital de Urg\u00eancia de Sergipe (HUSE) de um ex-presidi\u00e1rio [&hellip;]<\/p>\n","protected":false},"author":3,"featured_media":29790,"comment_status":"closed","ping_status":"closed","sticky":false,"template":"","format":"standard","meta":{"footnotes":""},"categories":[7],"tags":[],"class_list":{"0":"post-33123","1":"post","2":"type-post","3":"status-publish","4":"format-standard","5":"has-post-thumbnail","7":"category-policia"},"_links":{"self":[{"href":"https:\/\/senoticias.com.br\/se\/wp-json\/wp\/v2\/posts\/33123"}],"collection":[{"href":"https:\/\/senoticias.com.br\/se\/wp-json\/wp\/v2\/posts"}],"about":[{"href":"https:\/\/senoticias.com.br\/se\/wp-json\/wp\/v2\/types\/post"}],"author":[{"embeddable":true,"href":"https:\/\/senoticias.com.br\/se\/wp-json\/wp\/v2\/users\/3"}],"replies":[{"embeddable":true,"href":"https:\/\/senoticias.com.br\/se\/wp-json\/wp\/v2\/comments?post=33123"}],"version-history":[{"count":0,"href":"https:\/\/senoticias.com.br\/se\/wp-json\/wp\/v2\/posts\/33123\/revisions"}],"wp:featuredmedia":[{"embeddable":true,"href":"https:\/\/senoticias.com.br\/se\/wp-json\/wp\/v2\/media\/29790"}],"wp:attachment":[{"href":"https:\/\/senoticias.com.br\/se\/wp-json\/wp\/v2\/media?parent=33123"}],"wp:term":[{"taxonomy":"category","embeddable":true,"href":"https:\/\/senoticias.com.br\/se\/wp-json\/wp\/v2\/categories?post=33123"},{"taxonomy":"post_tag","embeddable":true,"href":"https:\/\/senoticias.com.br\/se\/wp-json\/wp\/v2\/tags?post=33123"}],"curies":[{"name":"wp","href":"https:\/\/api.w.org\/{rel}","templated":true}]}}