{"id":33106,"date":"2012-05-24T16:14:17","date_gmt":"2012-05-24T19:14:17","guid":{"rendered":"http:\/\/senoticias.com.br\/se\/?p=33106"},"modified":"2012-05-25T07:39:45","modified_gmt":"2012-05-25T10:39:45","slug":"cutse-pronta-para-o-12%c2%ba-congresso-estadual","status":"publish","type":"post","link":"https:\/\/senoticias.com.br\/se\/cutse-pronta-para-o-12%c2%ba-congresso-estadual\/","title":{"rendered":"CUT\/SE pronta para o 12\u00ba Congresso Estadual"},"content":{"rendered":"<p style=\"text-align: justify;\"><a href=\"http:\/\/senoticias.com.br\/se\/wp-content\/uploads\/2012\/05\/12CECUT_JPG.jpg\"><img loading=\"lazy\" decoding=\"async\" class=\"alignleft size-medium wp-image-33108\" title=\"CUT\" src=\"http:\/\/senoticias.com.br\/se\/wp-content\/uploads\/2012\/05\/12CECUT_JPG-300x151.jpg\" alt=\"\" width=\"300\" height=\"151\" srcset=\"https:\/\/senoticias.com.br\/se\/wp-content\/uploads\/2012\/05\/12CECUT_JPG-300x151.jpg 300w, https:\/\/senoticias.com.br\/se\/wp-content\/uploads\/2012\/05\/12CECUT_JPG-342x172.jpg 342w, https:\/\/senoticias.com.br\/se\/wp-content\/uploads\/2012\/05\/12CECUT_JPG.jpg 640w\" sizes=\"(max-width: 300px) 100vw, 300px\" \/><\/a>Com abertura programada para esta sexta-feira, 25, e discuss\u00f5es e debates nos dias 26 e 27, a Central \u00danica dos Trabalhadores de Sergipe (CUT\/SE) promove o seu 12\u00ba Congresso Estadual da CUT (CECUT), que ser\u00e1 realizado no Audit\u00f3rio da Sociedade Semear, na Rua Vila Cristina, n\u00ba148, Centro de Aracaju\/SE.<\/p>\n<p style=\"text-align: justify;\">O congresso ir\u00e1 debater e construir as estrat\u00e9gias para o pr\u00f3ximo per\u00edodo, discutir conjuntura e balan\u00e7o da gest\u00e3o do \u00faltimo tri\u00eanio, al\u00e9m de definir os dirigentes que ir\u00e3o compor a nova dire\u00e7\u00e3o (2012-2015) da Central.<\/p>\n<p style=\"text-align: justify;\">Os trabalhadores apontar\u00e3o, ainda, quais ser\u00e3o os delegados e a pauta que levar\u00e3o para o 11\u00ba Congresso Nacional da Central (CONCUT), programado para 9 a 13 de julho, em S\u00e3o Paulo, com o tema \u201cLiberdade e Autonomia Sindical: Democratizar as Rela\u00e7\u00f5es de Trabalho para Garantir e Ampliar Direitos&#8221;.<\/p>\n<p style=\"text-align: justify;\">O 12\u00ba CECUT ter\u00e1 como finalidade analisar a situa\u00e7\u00e3o real da classe trabalhadora, as condi\u00e7\u00f5es de funcionamento e desenvolvimento da sociedade brasileira e mundial, bem como de definir o programa de trabalho da CUT para o pr\u00f3ximo per\u00edodo.<\/p>\n<p style=\"text-align: justify;\">&#8220;O CECUT \u00e9 um momento de suma import\u00e2ncia para o conjunto da Classe Trabalhadora al\u00e9m de ser preparat\u00f3rio para o CONCUT, onde s\u00e3o definidas em inst\u00e2ncia m\u00e1xima da Central todas as diretrizes para o enfrentamento dos desafios apresentados e instrumentalizar a CUT para todos os embates contra os governos, o patronato e o pseudo sindicalismo, sem perder de vista o seu projeto estrat\u00e9gico de transforma\u00e7\u00e3o da sociedade reafirmando a cada momento nossos\u00a0 compromissos, princ\u00edpios e bandeiras hist\u00f3ricas&#8221;, destacou o dirigente da CUT\/SE, Ant\u00f4nio Carlos G\u00f3is.<\/p>\n<p style=\"text-align: justify;\">Homenagens<\/p>\n<p style=\"text-align: justify;\">Na abertura do 12\u00ba CECUT ser\u00e3o realizadas homenagens \u00e0 duas grandes perdas para o movimento sindical sergipano em 2011, em especial para o CUTista. No dia 29 de fevereiro, foi-se o professor-poeta Jos\u00e9 dos Santos, o Z\u00e9 Poeta, dirigente do SINTESE por tr\u00eas mandatos. Em 5 de dezembro, perdemos Gilson dos Santos, o Gils\u00e3o, presidente do SINDIMINA de 2006 a 2009, e que ocupava a Secretaria de Sa\u00fade do Trabalhador da CUT\/SE. Dois bravos companheiros, exemplos de milit\u00e2ncia e de luta na defesa das causas dos trabalhadores e por uma sociedade justa e igualit\u00e1ria. Homens de reflex\u00e3o e de muita a\u00e7\u00e3o.<\/p>\n<p style=\"text-align: justify;\">C<strong>onfira a PROGRAMA\u00c7\u00c3O do 12\u00ba CECUT:<\/strong><\/p>\n<p style=\"text-align: justify;\">Dia 25\/05\/2012 &#8211; Sexta-feira<\/p>\n<p style=\"text-align: justify;\">19h &#8211; In\u00edcio do Credenciamento dos delegados<\/p>\n<p style=\"text-align: justify;\">19h30 &#8211; Solenidade de Abertura<br \/>\nComposi\u00e7\u00e3o da Mesa de Abertura<br \/>\nHomenagem a Gilson dos Santos e Prof. Z\u00e9<\/p>\n<p>20h &#8211; Palestra de Abertura: O aprofundamento da terceiriza\u00e7\u00e3o e suas implica\u00e7\u00f5es para o mundo do trabalho, com Dr. Ricardo Carneiro (Procurador do Trabalho do Estado de Sergipe)<\/p>\n<p>22h &#8211; Coquetel<\/p>\n<p>Dia 26\/05\/2012 &#8211; S\u00e1bado<\/p>\n<p>08h &#8211; Palestra: Fortalecer a Comunica\u00e7\u00e3o dos trabalhadores para disputar a hegemonia da sociedade, com o jornalista George Washington Silva (Secret\u00e1rio de Comunica\u00e7\u00e3o da CUT\/SE)<\/p>\n<p>10h30 &#8211; Elei\u00e7\u00e3o da Mesa Diretora do Congresso \/ Leitura e Aprova\u00e7\u00e3o do Regimento Interno<\/p>\n<p>11h &#8211; Conjuntura Nacional e Internacional \/ Balan\u00e7o da CUT Nacional<br \/>\nApresenta\u00e7\u00e3o de textos<br \/>\nDebates<\/p>\n<p>12h30 &#8211; Almo\u00e7o<\/p>\n<p>12h \u00e0s 14h &#8211; Credenciamento dos Suplentes<\/p>\n<p>13h30 &#8211; Conjuntura Estadual e Balan\u00e7o da CUT\/SE<\/p>\n<p>15h &#8211; Estrat\u00e9gia pol\u00edtica e plano de a\u00e7\u00e3o da CUT Nacional (Eixos 1 e 2 do Texto Base)<br \/>\nApresenta\u00e7\u00e3o de texto e emendas<\/p>\n<p>(encerramento dos trabalhos com previs\u00e3o para as 18h)<\/p>\n<p>Dia 27\/05\/2012 &#8211; Domingo<\/p>\n<p>8h30 &#8211; Pol\u00edtica Organizativa e plano de a\u00e7\u00e3o da CUT Sergipe<br \/>\nApresenta\u00e7\u00e3o de texto e emendas<br \/>\nDebate<br \/>\nDefesa e vota\u00e7\u00e3o das propostas e emendas<\/p>\n<p>10h &#8211; Inscri\u00e7\u00e3o de chapas para elei\u00e7\u00e3o da Dire\u00e7\u00e3o Estadual da CUT\/SE<br \/>\nApresenta\u00e7\u00e3o e Defesa de Chapas<\/p>\n<p>10h30 &#8211; Elei\u00e7\u00e3o da Dire\u00e7\u00e3o Executiva Estadual e do Conselho Fiscal da CUT\/SE<\/p>\n<p>11h30 &#8211; Posse da Dire\u00e7\u00e3o e do Conselho Fiscal e solenidade de encerramento do 12\u00ba CECUT\/Sergipe<\/p>\n<p>12h30 &#8211; Almo\u00e7o e confraterniza\u00e7\u00e3o<\/p>\n<p><strong>SERVI\u00c7O<\/strong><\/p>\n<p>O qu\u00ea: CUT\/SE realiza 12\u00ba Congresso Estadual<br \/>\nQuando: Abertura programada para esta sexta-feira, 25, e discuss\u00f5es e debates nos dias 26 e 27<br \/>\nOnde: Audit\u00f3rio da Sociedade Semear, na Rua Vila Cristina, n\u00ba148, Centro de Aracaju\/SE<br \/>\nMais informa\u00e7\u00f5es: Secretaria da CUT\/SE (Cleonice)<\/p>\n<p><strong>Ascom\/CUT\/SE<\/strong><\/p>\n","protected":false},"excerpt":{"rendered":"<p>Com abertura programada para esta sexta-feira, 25, e discuss\u00f5es e debates nos dias 26 e 27, a Central \u00danica dos Trabalhadores de Sergipe (CUT\/SE) promove o seu 12\u00ba Congresso Estadual da CUT (CECUT), que ser\u00e1 realizado no Audit\u00f3rio da Sociedade Semear, na Rua Vila Cristina, n\u00ba148, Centro de Aracaju\/SE. O congresso ir\u00e1 debater e construir [&hellip;]<\/p>\n","protected":false},"author":3,"featured_media":33108,"comment_status":"closed","ping_status":"closed","sticky":false,"template":"","format":"standard","meta":{"footnotes":""},"categories":[38],"tags":[],"class_list":{"0":"post-33106","1":"post","2":"type-post","3":"status-publish","4":"format-standard","5":"has-post-thumbnail","7":"category-municipios"},"_links":{"self":[{"href":"https:\/\/senoticias.com.br\/se\/wp-json\/wp\/v2\/posts\/33106"}],"collection":[{"href":"https:\/\/senoticias.com.br\/se\/wp-json\/wp\/v2\/posts"}],"about":[{"href":"https:\/\/senoticias.com.br\/se\/wp-json\/wp\/v2\/types\/post"}],"author":[{"embeddable":true,"href":"https:\/\/senoticias.com.br\/se\/wp-json\/wp\/v2\/users\/3"}],"replies":[{"embeddable":true,"href":"https:\/\/senoticias.com.br\/se\/wp-json\/wp\/v2\/comments?post=33106"}],"version-history":[{"count":0,"href":"https:\/\/senoticias.com.br\/se\/wp-json\/wp\/v2\/posts\/33106\/revisions"}],"wp:featuredmedia":[{"embeddable":true,"href":"https:\/\/senoticias.com.br\/se\/wp-json\/wp\/v2\/media\/33108"}],"wp:attachment":[{"href":"https:\/\/senoticias.com.br\/se\/wp-json\/wp\/v2\/media?parent=33106"}],"wp:term":[{"taxonomy":"category","embeddable":true,"href":"https:\/\/senoticias.com.br\/se\/wp-json\/wp\/v2\/categories?post=33106"},{"taxonomy":"post_tag","embeddable":true,"href":"https:\/\/senoticias.com.br\/se\/wp-json\/wp\/v2\/tags?post=33106"}],"curies":[{"name":"wp","href":"https:\/\/api.w.org\/{rel}","templated":true}]}}