{"id":33093,"date":"2012-05-24T07:58:50","date_gmt":"2012-05-24T10:58:50","guid":{"rendered":"http:\/\/senoticias.com.br\/se\/?p=33093"},"modified":"2012-05-24T19:35:26","modified_gmt":"2012-05-24T22:35:26","slug":"vereador-jailton-santana-denuncia-emissao-de-certificados-falsos-de-taxistas","status":"publish","type":"post","link":"https:\/\/senoticias.com.br\/se\/vereador-jailton-santana-denuncia-emissao-de-certificados-falsos-de-taxistas\/","title":{"rendered":"Vereador Jailton Santana denuncia emiss\u00e3o de certificados falsos de taxistas"},"content":{"rendered":"<div id=\"attachment_3590\" style=\"width: 310px\" class=\"wp-caption alignleft\"><a href=\"http:\/\/senoticias.com.br\/se\/wp-content\/uploads\/2011\/03\/Jailton-Santana1.jpg\"><img loading=\"lazy\" decoding=\"async\" aria-describedby=\"caption-attachment-3590\" class=\"size-medium wp-image-3590\" title=\"Jailton Santana\" src=\"http:\/\/senoticias.com.br\/se\/wp-content\/uploads\/2011\/03\/Jailton-Santana1-300x199.jpg\" alt=\"\" width=\"300\" height=\"199\" srcset=\"https:\/\/senoticias.com.br\/se\/wp-content\/uploads\/2011\/03\/Jailton-Santana1-300x199.jpg 300w, https:\/\/senoticias.com.br\/se\/wp-content\/uploads\/2011\/03\/Jailton-Santana1-342x227.jpg 342w, https:\/\/senoticias.com.br\/se\/wp-content\/uploads\/2011\/03\/Jailton-Santana1.jpg 650w\" sizes=\"(max-width: 300px) 100vw, 300px\" \/><\/a><p id=\"caption-attachment-3590\" class=\"wp-caption-text\">Vereador Jailton Santana (PSC) \/ Reprodu\u00e7\u00e3o<\/p><\/div>\n<p style=\"text-align: justify;\">Na tarde dessa quarta-feira, 23, o vereador Jailton Santana (PSC) utilizou a tribuna da C\u00e2mara Municipal de Aracaju (CMA) para fazer uma den\u00fancia grave. De acordo com o parlamentar, certificados do curso profissionalizante de taxista est\u00e3o sendo falsificados em Sergipe.\u00a0 \u201cRecebi essa den\u00fancia e, inclusive, j\u00e1 havia feito o alerta nessa Casa h\u00e1 alguns meses. Essa \u00e9 uma situa\u00e7\u00e3o grave e jamais deveria acontecer&#8221;.<\/p>\n<p style=\"text-align: justify;\">De acordo com o parlamentar, apenas uma escola est\u00e1 apta a formar essas pessoas. No entanto, um funcion\u00e1rio do Servi\u00e7o Social de Transporte e Servi\u00e7o Nacional de Aprendizagem do Transporte (Sest\/Senat) estava falsificando certificados. &#8220;Deve haver uma puni\u00e7\u00e3o severa para esse funcion\u00e1rio\u201d, ressaltou o parlamentar.<\/p>\n<p style=\"text-align: justify;\">A Lei Federal n\u00ba 12.468, de 28 de agosto de 2011, regulamenta a profiss\u00e3o do taxista e prev\u00ea a forma\u00e7\u00e3o dos profissionais nessa \u00e1rea. Para terem o alvar\u00e1 renovado, os taxistas precisam apresentar um certificado comprovando o curso de capacita\u00e7\u00e3o.<\/p>\n<p style=\"text-align: justify;\">Ainda na tribuna, Jailton falou sobre outra den\u00fancia que ele recebeu por parte dos taxistas. \u201cFui informado de que alguns funcion\u00e1rios da Superintend\u00eancia Municipal de Transportes e Tr\u00e2nsito, a SMTT, est\u00e3o vendendo pontos de t\u00e1xi na capital. Pe\u00e7o que essa den\u00fancia seja devidamente apurada e que os culpados sejam punidos\u201d, destacou.<\/p>\n<p style=\"text-align: justify;\"><strong>Apartes<\/strong><\/p>\n<p style=\"text-align: justify;\">Em aparte, o vereador Juv\u00eancio Oliveira (DEM) parabenizou Jailton pela preocupa\u00e7\u00e3o com os taxistas e tamb\u00e9m concorda que os envolvidos devem sofrer puni\u00e7\u00e3o. O vereador F\u00e1bio Mitidieri (PSD) disse que n\u00e3o compactua com as a\u00e7\u00f5es erradas das pessoas e concordou com Juv\u00eancio.<\/p>\n<p style=\"text-align: justify;\">Os parlamentares Bertulino Menezes (PSB) e Moritos Matos (PDT) n\u00e3o aceitam que, como puni\u00e7\u00e3o, os t\u00e1xis sejam retirados dos taxistas. O parlamentar Valdir Santos (PTdoB) tamb\u00e9m cobrou a puni\u00e7\u00e3o dos funcion\u00e1rios envolvidos no caso. J\u00e1 a vereadora Ros\u00e2ngela Santana (PT), pediu que o l\u00edder da bancada do prefeito, vereador Danilo Segundo (PSB), verifique as den\u00fancias feitas por Jailton na CMA.<\/p>\n<p style=\"text-align: justify;\"><em><span style=\"color: #666699;\"><strong>Ag\u00eancia C\u00e2mara\/Aracaju<\/strong><\/span><\/em><\/p>\n","protected":false},"excerpt":{"rendered":"<p>Na tarde dessa quarta-feira, 23, o vereador Jailton Santana (PSC) utilizou a tribuna da C\u00e2mara Municipal de Aracaju (CMA) para fazer uma den\u00fancia grave. De acordo com o parlamentar, certificados do curso profissionalizante de taxista est\u00e3o sendo falsificados em Sergipe.\u00a0 \u201cRecebi essa den\u00fancia e, inclusive, j\u00e1 havia feito o alerta nessa Casa h\u00e1 alguns meses. [&hellip;]<\/p>\n","protected":false},"author":2,"featured_media":3590,"comment_status":"closed","ping_status":"closed","sticky":false,"template":"","format":"standard","meta":{"footnotes":""},"categories":[6],"tags":[],"class_list":{"0":"post-33093","1":"post","2":"type-post","3":"status-publish","4":"format-standard","5":"has-post-thumbnail","7":"category-politica"},"_links":{"self":[{"href":"https:\/\/senoticias.com.br\/se\/wp-json\/wp\/v2\/posts\/33093"}],"collection":[{"href":"https:\/\/senoticias.com.br\/se\/wp-json\/wp\/v2\/posts"}],"about":[{"href":"https:\/\/senoticias.com.br\/se\/wp-json\/wp\/v2\/types\/post"}],"author":[{"embeddable":true,"href":"https:\/\/senoticias.com.br\/se\/wp-json\/wp\/v2\/users\/2"}],"replies":[{"embeddable":true,"href":"https:\/\/senoticias.com.br\/se\/wp-json\/wp\/v2\/comments?post=33093"}],"version-history":[{"count":0,"href":"https:\/\/senoticias.com.br\/se\/wp-json\/wp\/v2\/posts\/33093\/revisions"}],"wp:featuredmedia":[{"embeddable":true,"href":"https:\/\/senoticias.com.br\/se\/wp-json\/wp\/v2\/media\/3590"}],"wp:attachment":[{"href":"https:\/\/senoticias.com.br\/se\/wp-json\/wp\/v2\/media?parent=33093"}],"wp:term":[{"taxonomy":"category","embeddable":true,"href":"https:\/\/senoticias.com.br\/se\/wp-json\/wp\/v2\/categories?post=33093"},{"taxonomy":"post_tag","embeddable":true,"href":"https:\/\/senoticias.com.br\/se\/wp-json\/wp\/v2\/tags?post=33093"}],"curies":[{"name":"wp","href":"https:\/\/api.w.org\/{rel}","templated":true}]}}