{"id":33080,"date":"2012-05-23T23:10:59","date_gmt":"2012-05-24T02:10:59","guid":{"rendered":"http:\/\/senoticias.com.br\/se\/?p=33080"},"modified":"2012-05-23T23:11:14","modified_gmt":"2012-05-24T02:11:14","slug":"cbf-suspende-series-c-e-d-do-brasileiro","status":"publish","type":"post","link":"https:\/\/senoticias.com.br\/se\/cbf-suspende-series-c-e-d-do-brasileiro\/","title":{"rendered":"CBF suspende s\u00e9ries C e D do Brasileiro"},"content":{"rendered":"<p><span style=\"color: #333333;\"><strong>Medida foi tomada ap\u00f3s a Justi\u00e7a conceder limitar incluindo o Brasil de Pelotas na s\u00e9rie C<\/strong><\/span><\/p>\n<p style=\"text-align: justify;\">As s\u00e9ries C e D do Campeonato Brasileiro foram suspensas pela CBF (Confedera\u00e7\u00e3o Brasileira de Futebol). A entidade divulgou a decis\u00e3o nesta quarta-feira e anunciou que o torneio s\u00f3 ser\u00e1 disputado quando forem resolvidas as disputas judiciais entre os clubes.<\/p>\n<p style=\"text-align: justify;\">Na \u00faltima semana, o Brasil de Pelotas-RS obteve uma liminar na Justi\u00e7a Comum que exige que a CBF inclua a equipe na s\u00e9rie C do Campeonato Brasileiro. Em 2011, o clube foi rebaixado ap\u00f3s ser punido com a perda de seis pontos pelo Pleno do STJD (Superior Tribunal de Justi\u00e7a Desportiva), por ter escalado um jogador de forma irregular. A decis\u00e3o de suspender o campeonato foi do presidente do STJD, Rubens Aprobato. Ele atendeu o pedido do Santo Andr\u00e9, que perderia a vaga para o Brasil de Pelotas.<\/p>\n<p style=\"text-align: justify;\">Uma decis\u00e3o da Justi\u00e7a paraibana, publicada na \u00faltima sexta-feira, tamb\u00e9m determina a inclus\u00e3o do Treze na competi\u00e7\u00e3o, no lugar do Rio Branco-AC. Mas a equipe do Acre conta com decis\u00e3o estadual da Justi\u00e7a garantindo o seu lugar.<\/p>\n<p style=\"text-align: justify;\">Al\u00e9m da preocupa\u00e7\u00e3o com o andamento das competi\u00e7\u00f5es, Aprobato lembrou que a norma da Fifa prev\u00ea puni\u00e7\u00f5es para federa\u00e7\u00f5es e clubes em disputa judiciais. \u201c\u00c9 \u00f3bvio que a soberania de cada Pa\u00eds pode editar normas a respeito de mat\u00e9ria desportiva. Mas, sendo essas normas contr\u00e1rias \u00e0s da Fifa, a entidade internacional pode, sem ferir a soberania do Pa\u00eds, desfiliar o atleta, o clube ou a entidade a ela filiados\u201d, escreveu o presidente do STJD em seu despacho desta quarta.<\/p>\n<p style=\"text-align: justify;\">A Fifa pro\u00edbe que suas federa\u00e7\u00f5es filiadas tenham lit\u00edgios em \u00f3rg\u00e3os do Judici\u00e1rio que n\u00e3o pertencem exclusivamente ao esporte. O imbr\u00f3glio, ent\u00e3o, poder\u00e1 gerar puni\u00e7\u00e3o \u00e0 CBF e aos clubes que buscam a Justi\u00e7a Comum.<\/p>\n<p style=\"text-align: justify;\">As S\u00e9ries C e D nacionais estavam previstas para come\u00e7ar neste pr\u00f3ximo final de semana. Por\u00e9m, os torneios s\u00f3 comear\u00e3o depois das pend\u00eancias jur\u00eddicas serem resolvidas.<\/p>\n","protected":false},"excerpt":{"rendered":"<p>Medida foi tomada ap\u00f3s a Justi\u00e7a conceder limitar incluindo o Brasil de Pelotas na s\u00e9rie C As s\u00e9ries C e D do Campeonato Brasileiro foram suspensas pela CBF (Confedera\u00e7\u00e3o Brasileira de Futebol). A entidade divulgou a decis\u00e3o nesta quarta-feira e anunciou que o torneio s\u00f3 ser\u00e1 disputado quando forem resolvidas as disputas judiciais entre os [&hellip;]<\/p>\n","protected":false},"author":3,"featured_media":3943,"comment_status":"closed","ping_status":"closed","sticky":false,"template":"","format":"standard","meta":{"footnotes":""},"categories":[1],"tags":[],"class_list":{"0":"post-33080","1":"post","2":"type-post","3":"status-publish","4":"format-standard","5":"has-post-thumbnail","7":"category-sem-categoria"},"_links":{"self":[{"href":"https:\/\/senoticias.com.br\/se\/wp-json\/wp\/v2\/posts\/33080"}],"collection":[{"href":"https:\/\/senoticias.com.br\/se\/wp-json\/wp\/v2\/posts"}],"about":[{"href":"https:\/\/senoticias.com.br\/se\/wp-json\/wp\/v2\/types\/post"}],"author":[{"embeddable":true,"href":"https:\/\/senoticias.com.br\/se\/wp-json\/wp\/v2\/users\/3"}],"replies":[{"embeddable":true,"href":"https:\/\/senoticias.com.br\/se\/wp-json\/wp\/v2\/comments?post=33080"}],"version-history":[{"count":0,"href":"https:\/\/senoticias.com.br\/se\/wp-json\/wp\/v2\/posts\/33080\/revisions"}],"wp:featuredmedia":[{"embeddable":true,"href":"https:\/\/senoticias.com.br\/se\/wp-json\/wp\/v2\/media\/3943"}],"wp:attachment":[{"href":"https:\/\/senoticias.com.br\/se\/wp-json\/wp\/v2\/media?parent=33080"}],"wp:term":[{"taxonomy":"category","embeddable":true,"href":"https:\/\/senoticias.com.br\/se\/wp-json\/wp\/v2\/categories?post=33080"},{"taxonomy":"post_tag","embeddable":true,"href":"https:\/\/senoticias.com.br\/se\/wp-json\/wp\/v2\/tags?post=33080"}],"curies":[{"name":"wp","href":"https:\/\/api.w.org\/{rel}","templated":true}]}}