{"id":33070,"date":"2012-05-23T21:58:20","date_gmt":"2012-05-24T00:58:20","guid":{"rendered":"http:\/\/senoticias.com.br\/se\/?p=33070"},"modified":"2012-05-23T22:04:07","modified_gmt":"2012-05-24T01:04:07","slug":"projeto-de-maria-define-percentual-minimo-de-mulheres-nos-conselhos-de-administracao","status":"publish","type":"post","link":"https:\/\/senoticias.com.br\/se\/projeto-de-maria-define-percentual-minimo-de-mulheres-nos-conselhos-de-administracao\/","title":{"rendered":"Projeto de Maria do Carmo define percentual m\u00ednimo de mulheres nos conselhos de administra\u00e7\u00e3o"},"content":{"rendered":"<div id=\"attachment_33074\" style=\"width: 291px\" class=\"wp-caption alignleft\"><a href=\"http:\/\/senoticias.com.br\/se\/wp-content\/uploads\/2012\/05\/Maria-do-Carmo.jpg\"><img loading=\"lazy\" decoding=\"async\" aria-describedby=\"caption-attachment-33074\" class=\"size-full wp-image-33074\" title=\"Maria do Carmo\" src=\"http:\/\/senoticias.com.br\/se\/wp-content\/uploads\/2012\/05\/Maria-do-Carmo.jpg\" alt=\"\" width=\"281\" height=\"179\" \/><\/a><p id=\"caption-attachment-33074\" class=\"wp-caption-text\">Senadora Maria do Carmo Alves (DEM) \/ Reprodu\u00e7\u00e3o<\/p><\/div>\n<p style=\"text-align: justify;\">A senadora Maria do Carmo Alves (DEM) participa nesta quinta-feira (24) de audi\u00eancia p\u00fablica, na Comiss\u00e3o de Assuntos Sociais (CAS), no Senado da Rep\u00fablica, para tratar da instru\u00e7\u00e3o do Projeto de Lei Suplementar, de sua autoria, que define percentual m\u00ednimo de participa\u00e7\u00e3o de mulheres nos conselhos de administra\u00e7\u00e3o das empresas p\u00fablicas e sociedades de economia mista.<\/p>\n<p style=\"text-align: justify;\">A regra, de acordo com a senadora sergipana, tamb\u00e9m, vale para as subsidi\u00e1rias e controladas e demais empresas em que a Uni\u00e3o, direta ou indiretamente, detenha a maioria do capital social com direito a voto. \u201cH\u00e1 uma necessidade de que haja a devida correspond\u00eancia entre a participa\u00e7\u00e3o das mulheres na produ\u00e7\u00e3o dos bens p\u00fablicos e sua presen\u00e7a nos \u00f3rg\u00e3os que decidem os destinos dos recursos produzidos a partir do esfor\u00e7o de toda a sociedade, inclusive, e, de maneira cada vez mais crescente, a partir do trabalho feminino\u201d.<\/p>\n<p style=\"text-align: justify;\">Maria destacou que a iniciativa direta do Estado \u00e9 necess\u00e1ria para que sejam efetivados os imperativos constitucionais de igualdade e que a proposi\u00e7\u00e3o contribui para a constru\u00e7\u00e3o de uma cultura de respeito \u00e0 dignidade<br \/>\nde mulheres e de homens, representando um passo decisivo do Congresso Nacional rumo \u00e0 afirma\u00e7\u00e3o das a\u00e7\u00f5es positivas em favor da igualdade de g\u00eanero. \u201cA medida ajuda a colocar o Pa\u00eds em situa\u00e7\u00e3o de paridade com a legisla\u00e7\u00e3o mais avan\u00e7ada do mundo em rela\u00e7\u00e3o aos direitos de homens e mulheres, como a da Noruega, da Espanha e da Holanda\u201d, explicou Maria do Carmo.<\/p>\n<p style=\"text-align: justify;\">O requerimento propondo a realiza\u00e7\u00e3o da audi\u00eancia \u00e9 do senador Jo\u00e3o Vicente Claudino. A reuni\u00e3o contar\u00e1 com a presen\u00e7a da ministra Eleonora Menicucci, da Secretaria de Pol\u00edticas para as Mulheres;\u00a0 Helo\u00edsa Bedicks, que \u00e9\u00a0 superintendente do Instituto Brasileiro de Governan\u00e7a Corporativa; Alexandre Di Miceli, pesquisador &#8211; Universidade de S\u00e3o Paulo; Luiza Helena Trajano, vice-presidente do Conselho de Administra\u00e7\u00e3o do Magazine Luiza; Edemir Pinto, diretor-presidente da BM&amp;FBOVESPA, e Helle Klem, consulesa-geral da Noruega no Rio de Janeiro.<\/p>\n<p style=\"text-align: justify;\"><span style=\"color: #666699;\"><em><strong><br \/>\nAssessoria de Comunica\u00e7\u00e3o\/DF<\/strong><\/em><\/span><\/p>\n","protected":false},"excerpt":{"rendered":"<p>A senadora Maria do Carmo Alves (DEM) participa nesta quinta-feira (24) de audi\u00eancia p\u00fablica, na Comiss\u00e3o de Assuntos Sociais (CAS), no Senado da Rep\u00fablica, para tratar da instru\u00e7\u00e3o do Projeto de Lei Suplementar, de sua autoria, que define percentual m\u00ednimo de participa\u00e7\u00e3o de mulheres nos conselhos de administra\u00e7\u00e3o das empresas p\u00fablicas e sociedades de economia [&hellip;]<\/p>\n","protected":false},"author":3,"featured_media":33074,"comment_status":"closed","ping_status":"closed","sticky":false,"template":"","format":"standard","meta":{"footnotes":""},"categories":[6],"tags":[],"class_list":{"0":"post-33070","1":"post","2":"type-post","3":"status-publish","4":"format-standard","5":"has-post-thumbnail","7":"category-politica"},"_links":{"self":[{"href":"https:\/\/senoticias.com.br\/se\/wp-json\/wp\/v2\/posts\/33070"}],"collection":[{"href":"https:\/\/senoticias.com.br\/se\/wp-json\/wp\/v2\/posts"}],"about":[{"href":"https:\/\/senoticias.com.br\/se\/wp-json\/wp\/v2\/types\/post"}],"author":[{"embeddable":true,"href":"https:\/\/senoticias.com.br\/se\/wp-json\/wp\/v2\/users\/3"}],"replies":[{"embeddable":true,"href":"https:\/\/senoticias.com.br\/se\/wp-json\/wp\/v2\/comments?post=33070"}],"version-history":[{"count":0,"href":"https:\/\/senoticias.com.br\/se\/wp-json\/wp\/v2\/posts\/33070\/revisions"}],"wp:featuredmedia":[{"embeddable":true,"href":"https:\/\/senoticias.com.br\/se\/wp-json\/wp\/v2\/media\/33074"}],"wp:attachment":[{"href":"https:\/\/senoticias.com.br\/se\/wp-json\/wp\/v2\/media?parent=33070"}],"wp:term":[{"taxonomy":"category","embeddable":true,"href":"https:\/\/senoticias.com.br\/se\/wp-json\/wp\/v2\/categories?post=33070"},{"taxonomy":"post_tag","embeddable":true,"href":"https:\/\/senoticias.com.br\/se\/wp-json\/wp\/v2\/tags?post=33070"}],"curies":[{"name":"wp","href":"https:\/\/api.w.org\/{rel}","templated":true}]}}