{"id":33044,"date":"2012-05-23T18:36:49","date_gmt":"2012-05-23T21:36:49","guid":{"rendered":"http:\/\/senoticias.com.br\/se\/?p=33044"},"modified":"2012-05-24T19:25:05","modified_gmt":"2012-05-24T22:25:05","slug":"governador-apresenta-medidas-de-enfrentamento-a-seca-que-somam-r-89-milhoes-em-poco-redondo","status":"publish","type":"post","link":"https:\/\/senoticias.com.br\/se\/governador-apresenta-medidas-de-enfrentamento-a-seca-que-somam-r-89-milhoes-em-poco-redondo\/","title":{"rendered":"Governador apresenta medidas de enfrentamento \u00e0 seca que somam R$ 89 milh\u00f5es em Po\u00e7o Redondo"},"content":{"rendered":"<p style=\"text-align: justify;\"><span style=\"color: #808080;\"><strong>D\u00e9da tamb\u00e9m apresentou projetos estruturantes, que depender\u00e3o da aprova\u00e7\u00e3o do Governo Federal, que somam R$ 323 milh\u00f5es<\/strong><\/span><\/p>\n<div id=\"attachment_33047\" style=\"width: 310px\" class=\"wp-caption alignleft\"><a href=\"http:\/\/senoticias.com.br\/se\/wp-content\/uploads\/2012\/05\/dedapr.jpeg\"><img loading=\"lazy\" decoding=\"async\" aria-describedby=\"caption-attachment-33047\" class=\"size-medium wp-image-33047\" title=\"\" src=\"http:\/\/senoticias.com.br\/se\/wp-content\/uploads\/2012\/05\/dedapr-300x198.jpg\" alt=\"\" width=\"300\" height=\"198\" srcset=\"https:\/\/senoticias.com.br\/se\/wp-content\/uploads\/2012\/05\/dedapr-300x198.jpg 300w, https:\/\/senoticias.com.br\/se\/wp-content\/uploads\/2012\/05\/dedapr-342x226.jpg 342w, https:\/\/senoticias.com.br\/se\/wp-content\/uploads\/2012\/05\/dedapr.jpeg 700w\" sizes=\"(max-width: 300px) 100vw, 300px\" \/><\/a><p id=\"caption-attachment-33047\" class=\"wp-caption-text\">Ampliaremos em 40% a distribui\u00e7\u00e3o de \u00e1gua e cestas b\u00e1sicas nos 18 munic\u00edpios em situa\u00e7\u00e3o de emerg\u00eancia\u201d, anunciou o governador (Ascom\/ASN)<\/p><\/div>\n<p style=\"text-align: justify;\">Um pacote de medidas emergenciais para atender \u00e0s principais necessidades da popula\u00e7\u00e3o e dos rebanhos durante o per\u00edodo de estiagem, e uma diversidade de projetos estruturantes, apresentados ao Governo Federal, que visam minimizar os danos nas pr\u00f3ximas secas. Essa foi, em s\u00edntese, a apresenta\u00e7\u00e3o que o governador Marcelo D\u00e9da fez na manh\u00e3 desta quarta-feira, 23, no munic\u00edpio de Po\u00e7o Redondo, a 172 km da capital. As medidas formam um conjunto de a\u00e7\u00f5es de enfrentamento aos efeitos da seca elaboradas a partir das solicita\u00e7\u00f5es da popula\u00e7\u00e3o, prefeitos e t\u00e9cnicos para minimizar o sofrimento dos sertanejos, sobretudo, nos 18 munic\u00edpios que decretaram Estado de Emerg\u00eancia.<\/p>\n<p><a href=\"%20%20http:\/\/agencia.se.gov.br\/noticiasimagens\/201205\/23\/28552\/ApresentacaoAgendaSertao23052012VFPDF.pdf\" target=\"_blank\"><span style=\"color: #ff0000;\"><strong>Veja a apresenta\u00e7\u00e3o das Medidas Estruturantes em PDF<\/strong><\/span><\/a><\/p>\n<p style=\"text-align: justify;\">\u201cEste \u00e9 um plano de medidas imediatas que j\u00e1 est\u00e3o sendo executadas ou passar\u00e3o a ser executadas de imediato a partir de agora. S\u00e3o a\u00e7\u00f5es para as quais o Governo do Estado j\u00e1 possui recursos assegurados, sendo pr\u00f3prios ou conveniados. Al\u00e9m disso, mostramos \u00e0 popula\u00e7\u00e3o e aos prefeitos os projetos que encaminhamos ao Governo Federal que considero estruturantes, j\u00e1 que v\u00e3o nos preparar para enfrentar com mais tranquilidade estiagens que est\u00e3o previstas, inclusive, para o pr\u00f3ximo ano\u201d, esclareceu o governador Marcelo D\u00e9da.<\/p>\n<p style=\"text-align: justify;\"><strong>Emerg\u00eancia<\/strong><\/p>\n<p style=\"text-align: justify;\">Enfrentam a situa\u00e7\u00e3o de emerg\u00eancia\u00a0 os munic\u00edpios de Po\u00e7o Verde, Po\u00e7o Redondo, Porto da Folha, Tobias Barreto, Nossa Senhora da Gl\u00f3ria, Canind\u00e9 de S\u00e3o Francisco, Gararu, Frei Paulo, Tomar do Geru, Monte Alegre, Itabi, Nossa Senhora Aparecida, Pinh\u00e3o, Nossa Senhora de Lourdes, Pedra Mole, Graccho Cardoso, Carira e S\u00e3o Miguel do Aleixo.<\/p>\n<p style=\"text-align: justify;\">Ainda de acordo com o governador, a premissa b\u00e1sica \u00e9 melhorar a distribui\u00e7\u00e3o de \u00e1gua pot\u00e1vel no estado, avan\u00e7ar na manuten\u00e7\u00e3o de po\u00e7os e barragens, estabelecer programas que possibilitem a produ\u00e7\u00e3o de forragem para os rebanhos, assegurando uma melhor condi\u00e7\u00e3o de vida para o homem e a garantia da manuten\u00e7\u00e3o dos animais que, em grande parte, s\u00e3o o sustent\u00e1culo da produ\u00e7\u00e3o e das atividades econ\u00f4micas em diversos munic\u00edpios. \u201cEstes programas nos permitir\u00e3o enfrentar, com menos perdas e com menos sofrimento as futuras secas. Mostramos que encaminhamos projetos da ordem de 300 milh\u00f5es de reais para aprecia\u00e7\u00e3o da presidenta Dilma Rousseff. Ela pode n\u00e3o aprovar todo esse volume de projetos, mas o que ela aprovar eu vou trazer para assinar aqui no Sert\u00e3o sergipano\u201d, assegurou D\u00e9da.<\/p>\n<p style=\"text-align: justify;\"><strong>Apresenta\u00e7\u00e3o<\/strong><\/p>\n<p style=\"text-align: justify;\">O governador iniciou a apresenta\u00e7\u00e3o expondo um panorama da seca em Sergipe onde, segundo os dados apresentados, nos 18 munic\u00edpios em situa\u00e7\u00e3o de emerg\u00eancia, 142.820 pessoas afetadas, com perdas nos rebanhos bovino, ovino e caprino. As estimativas s\u00e3o de que j\u00e1 haja perda equivalente a 40% na produ\u00e7\u00e3o de leite, na produ\u00e7\u00e3o de mel no Alto Sert\u00e3o, al\u00e9m do preju\u00edzo para a safra 2012 de gr\u00e3os onde, na maioria dos munic\u00edpios, n\u00e3o houve sequer a semeadura tanto do milho quanto do feij\u00e3o (que est\u00e3o entre os principais produtos).<\/p>\n<p style=\"text-align: justify;\">Tamb\u00e9m foi feita uma apresenta\u00e7\u00e3o dos investimentos que j\u00e1 v\u00eam sendo realizados, a exemplo da distribui\u00e7\u00e3o de cestas b\u00e1sicas nos 18 munic\u00edpios atingidos, com 13.472 fam\u00edlias beneficiadas e um montante de 24.994 cestas entregues at\u00e9 o \u00faltimo dia 15 de maio.<\/p>\n<p style=\"text-align: justify;\">Houve um aumento na contrata\u00e7\u00e3o de carros-pipa e, desde novembro de 2011, foram contratados 129 caminh\u00f5es pipa pelo Governo do Estado, rodando cerca de 300km\/m\u00eas atendendo \u00e0 maioria das comunidades atingidas, totalizando at\u00e9 o momento, 8.295 carradas, com volume de 58 mil m\u00b3\/m\u00eas.<\/p>\n<p style=\"text-align: justify;\">J\u00e1 o programa Garantia Safra (que j\u00e1 pagou entre 2011 e 2012, R$ 6,3 milh\u00f5es beneficiando 9.930 produtores), inseriu mais 12.808 agricultores em 2012 de 17 munic\u00edpios do Sert\u00e3o, com uma contribui\u00e7\u00e3o de R$ 523 mil do Governo do Estado para compor o fundo de seguro. Tamb\u00e9m foi feito o relato da a\u00e7\u00e3o de distribui\u00e7\u00e3o de suco de laranja (64.045 litros de suco) a 11.712 fam\u00edlias em 14 munic\u00edpios, numa a\u00e7\u00e3o em parceria entre a Companhia Nacional de Abastecimento (Conab) e o Governo do Estado.<\/p>\n<p style=\"text-align: justify;\"><strong>Medidas Anunciadas<\/strong><\/p>\n<p style=\"text-align: justify;\">Dentre as novas medidas anunciadas (que totalizam R$ 89 milh\u00f5es) pelo governador, que fez quest\u00e3o de explicar o encaminhamento de cada uma, est\u00e3o a implanta\u00e7\u00e3o de sistemas de abastecimento de \u00e1gua em comunidades rurais (R$ 14,4 milh\u00f5es); a manuten\u00e7\u00e3o e instala\u00e7\u00e3o de novos dessalinizadores para recompor as fontes que possuem a chamada \u00e1gua salobra, al\u00e9m de instala\u00e7\u00e3o de 25 novos equipamentos nos 18 munic\u00edpios, com prioridade para Po\u00e7o Redondo (R$ 4,7milh\u00f5es).<\/p>\n<p style=\"text-align: justify;\">Na recupera\u00e7\u00e3o de pequenas aguadas ser\u00e3o investidos R$ 600 mil para a contrata\u00e7\u00e3o de 3000 horas\/m\u00e1quina (tratores e implementos) que permitir\u00e3o a\u00e7\u00f5es de recupera\u00e7\u00e3o e amplia\u00e7\u00e3o da capacidade de reserva h\u00eddrica de pequenos produtores. Ainda nessa prioridade, o governador anunciou investimentos da ordem de R$ 4 milh\u00f5es na contrata\u00e7\u00e3o de 49.172 horas\/m\u00e1quina para preparo de solo em propriedades de produtores familiares nos 18 munic\u00edpios em situa\u00e7\u00e3o de emerg\u00eancia.<\/p>\n<p style=\"text-align: justify;\">Tamb\u00e9m foi anunciado o investimento de R$ 1,12 milh\u00e3o para distribui\u00e7\u00e3o, ainda em 2012, de 500 toneladas sementes de milho catingueiro e 50 toneladas de feij\u00e3o vigna, nos 18 munic\u00edpios em emerg\u00eancia. Est\u00e1 prevista a recupera\u00e7\u00e3o dos chamados sistemas singelos de abastecimento em 15 dos 18 munic\u00edpios em emerg\u00eancia, totalizando um investimento de R$ 1, 18 milh\u00e3o para recupera\u00e7\u00e3o de 47 po\u00e7os artesianos.<\/p>\n<p style=\"text-align: justify;\"><strong>Aumento de 40% nos carros-pipa<\/strong><\/p>\n<p style=\"text-align: justify;\">Outra medida anunciada e comemorada pelos agricultores presentes foi a amplia\u00e7\u00e3o da oferta de carros pipa em 40%, atingindo os 18 munic\u00edpios e 626 povoados, passando das 8.285 carradas atuais para 11.571 carradas, representando um aumento de R$ 1 milh\u00e3o para R$ 1,4 milh\u00e3o\/m\u00eas, beneficiando 104.209 pessoas. O governador esclareceu que a partir de 17 de maio o governo Federal, atrav\u00e9s do Ex\u00e9rcito Brasileiro, passou a atuar em nove munic\u00edpios em situa\u00e7\u00e3o de emerg\u00eancia, e os demais continuam sob responsabilidade do Governo do Estado.<\/p>\n<p style=\"text-align: justify;\">\u201cQuero afirmar que n\u00e3o vou admitir inger\u00eancia pol\u00edtica na distribui\u00e7\u00e3o da \u00e1gua. Quero pedir o apoio da popula\u00e7\u00e3o que, caso saibam de alguma irregularidade na distribui\u00e7\u00e3o, acionem a pol\u00edcia, denunciem ao Minist\u00e9rio P\u00fablico e at\u00e9 na pr\u00f3pria imprensa. N\u00e3o vamos admitir que se fa\u00e7a pol\u00edtica com a distribui\u00e7\u00e3o de \u00e1gua. A \u00e1gua \u00e9 um direito de todos, sobretudo, numa situa\u00e7\u00e3o cr\u00edtica como essa\u201d, enfatizou o governador, em defesa de uma distribui\u00e7\u00e3o justa e igualit\u00e1ria para todos os cidad\u00e3os.<\/p>\n<p style=\"text-align: justify;\"><strong>Projeto Piloto de Carros Pipa<\/strong><\/p>\n<p style=\"text-align: justify;\">O governador tamb\u00e9m anunciou que at\u00e9 o final de maio estar\u00e1 oficializando, com o ministro da Integra\u00e7\u00e3o Nacional, Fernando Bezerra, a assinatura de um projeto piloto onde Sergipe ser\u00e1 o pioneiro na implanta\u00e7\u00e3o de um novo modelo de carro-pipa que far\u00e1 a distribui\u00e7\u00e3o de \u00e1gua tratada, em tanques de a\u00e7o inox, conforme norma do Minist\u00e9rio da Sa\u00fade, e cuja distribui\u00e7\u00e3o ser\u00e1 acompanhada via GPS e o recebimento garantido via cart\u00e3o do programa \u201c\u00c1gua para Todos\u201d. \u201cO \u2018pipeiro\u2019 s\u00f3 receber\u00e1 quando os dados do cart\u00e3o de quem recebeu o respectivo carregamento de \u00e1gua constarem do sistema operacional que ser\u00e1 instalado nos caminh\u00f5es. Isto \u00e9 uma grande evolu\u00e7\u00e3o e representar\u00e1 mais qualidade na distribui\u00e7\u00e3o desse precioso recurso\u201d, destacou Marcelo D\u00e9da.<\/p>\n<p style=\"text-align: justify;\">Mais uma medida comemorada ao ser anunciada foi a recupera\u00e7\u00e3o das barragens de Vaca Serrada (R$ 120 mil), Bate-Lata e Barra da On\u00e7a (R$ 30 mil para confec\u00e7\u00e3o de projetos), beneficiando mais de dois mil habitantes e 1500 animais que receber\u00e3o uma nova oferta de \u00e1gua assegurada pela estrutura.<\/p>\n<p style=\"text-align: justify;\">Para garantir a alimenta\u00e7\u00e3o de animais, D\u00e9da tamb\u00e9m anunciou uma parceria com a Conab que garantir\u00e1 aos agricultores familiares a aquisi\u00e7\u00e3o de sacas de milho a pre\u00e7os subsidiados (R$ 24 a saca), quando o pre\u00e7o praticado no mercado hoje \u00e9 em torno de R$ 40. A medida se destina a agricultores familiares detentores de rebanhos e que atendam aos requisitos do Programa Nacional da Agricultura Familiar (Pronaf). Ser\u00e1 permitido adquirir (por agricultor) 14 toneladas, que estar\u00e3o \u00e0 venda no balc\u00e3o da Conab em Itabaiana.<\/p>\n<p style=\"text-align: justify;\">A universaliza\u00e7\u00e3o das cisternas em Sergipe tamb\u00e9m foi alvo de um projeto anunciado pelo governador, onde ser\u00e3o investidos\u00a0 R$ 37,5 mil para a constru\u00e7\u00e3o de 9.904 cisternas em todo o estado, atrav\u00e9s de parceria com a Codevasf, Banco do Nordeste, Funda\u00e7\u00e3o Banco do Brasil e Associa\u00e7\u00e3o do Semi\u00e1rido (ASA).<\/p>\n<p style=\"text-align: justify;\"><strong>Linhas Especiais de Cr\u00e9dito<\/strong><\/p>\n<p style=\"text-align: justify;\">Na presen\u00e7a do superintendente do Banco do Nordeste, Ant\u00f4nio C\u00e9sar de Santana, e da superintendente do Banco do Brasil, Mar\u00edlia Prado, o governador tamb\u00e9m anunciou no pacote de medidas a concess\u00e3o de linhas especiais de cr\u00e9dito aos agricultores familiares a concess\u00e3o de cr\u00e9dito em condi\u00e7\u00f5es especiais. Para os enquadrados no Pronaf \u201cB\u201d, ser\u00e1 permitida a concess\u00e3o de at\u00e9 R$ 2500, e aos demais at\u00e9 R$ 12 mil, com taxa efetiva de juros de 1% ao ano, at\u00e9 10 anos para pagamento e tr\u00eas anos de car\u00eancia. J\u00e1 para produtores rurais, est\u00e1 anunciada uma linha de at\u00e9 R$ 100 mil, com taxa de 3,5% ao ano e prazo de oito anos para pagar, com tr\u00eas anos de car\u00eancia.<br \/>\n\u201cH\u00e1 diferen\u00e7as entre as linhas concedidas pelo Banco do Brasil e Banco do Nordeste em pequenos detalhes que os gerentes locais j\u00e1 est\u00e3o habilitados a explicar\u201d, disse o governador, com aval dos superintendentes.<\/p>\n<p style=\"text-align: justify;\"><strong>Suspens\u00e3o do Patroc\u00ednio para Festas<\/strong><\/p>\n<p style=\"text-align: justify;\">Diante de dezenas de prefeitos, o governador foi enf\u00e1tico ao afirmar que n\u00e3o ter\u00e1 como conceder patroc\u00ednio para a realiza\u00e7\u00e3o das tradicionais festas no per\u00edodo junino. \u201cReuni o secret\u00e1rio da Comunica\u00e7\u00e3o, Carlos Cau\u00ea, e a secret\u00e1ria da Cultura, Elo\u00edsa Galdino, e decidimos que vamos reverter esses recursos para atendimento \u00e0 situa\u00e7\u00e3o emergencial da seca. N\u00e3o h\u00e1 outra maneira de agir ao enfrentarmos uma situa\u00e7\u00e3o como essa\u201d, argumentou o governador, ao ser aplaudido pela imensa maioria dos prefeitos presentes ao ato.<\/p>\n<p style=\"text-align: justify;\"><strong>Decis\u00e3o e Coragem<\/strong><\/p>\n<p style=\"text-align: justify;\">Muitos dos prefeitos presentes elogiaram a iniciativa do governador em vir falar diretamente aos moradores do Sert\u00e3o, demonstrando respeito e o compromisso com o bem estar da popula\u00e7\u00e3o. \u201cO governador est\u00e1 de parab\u00e9ns pela coragem e pela vontade. A gente percebeu que h\u00e1 seriedade nas propostas apresentadas com a\u00e7\u00f5es imediatas e a\u00e7\u00f5es duradouras. N\u00f3s, do Sert\u00e3o, estamos muito contentes com a vinda do governador e de todas estas autoridades\u201d, destacou o prefeito anfitri\u00e3o, Roberto Ara\u00fajo.<\/p>\n<p style=\"text-align: justify;\">\u201cEra justamente essa manifesta\u00e7\u00e3o do Governo do Estado que os sertanejos estavam aguardando. Com a efetiva\u00e7\u00e3o das obras estruturantes e o an\u00fancio das medidas que s\u00e3o os \u2018primeiros socorros\u2019 que estamos recebendo, temos condi\u00e7\u00f5es de vislumbrar novas esperan\u00e7as. Temos f\u00e9 em Deus de que as chuvas amenizar\u00e3o nosso sofrimento, mas enquanto isso n\u00e3o acontece, temos a confian\u00e7a nas a\u00e7\u00f5es do governador Marcelo D\u00e9da que n\u00e3o nos abandonou em nenhum momento\u201d, registrou o prefeito de Porto da Folha, Manoel de Rosinha, outra regi\u00e3o tamb\u00e9m bastante castigada pela estiagem.<\/p>\n<p style=\"text-align: justify;\"><strong>A\u00e7\u00f5es sincronizadas<\/strong><\/p>\n<p style=\"text-align: justify;\">\u201cTemos uma s\u00e9rie de investimentos em Sergipe. Temos o garantia safra que est\u00e1 sendo pago aos agricultores cadastrados. Existe a possibilidade de pagarmos o garantia safra 2012 agora, mesmo sem ter sido plantado, j\u00e1 que o plantio deveria ter ocorrido em abril e maio e por conta da seca n\u00e3o foi poss\u00edvel. Al\u00e9m disso, vamos entregar\u00a0 24 m\u00e1quinas escavadeiras, um investimento de R$ 2 milh\u00f5es. Uma s\u00e9rie de a\u00e7\u00f5es agregadas \u00e0s a\u00e7\u00f5es do governo do estado no combate \u00e0 seca. Al\u00e9m da a\u00e7\u00e3o do governo, precisamos da iniciativa da agricultura no suporte forrageiro, que alimenta o gado durante a estiagem. Podemos disponibilizar os instrumentos para ele construir esse material, mas \u00e9 uma tarefa do agricultor. A cilagem, a forragem, a palma, foram sendo substitu\u00edda pelo milho porque tinha uma rentabilidade maior e mais imediata. \u00c9 necess\u00e1rio que o agricultor reconstrua essa forragem\u201d, disse Adailton dos\u00a0 Santos, superintendente do Minist\u00e9rio do Desenvolvimento Agr\u00e1rio em Sergipe.<\/p>\n<p style=\"text-align: justify;\">Uma das medidas anunciadas por Marcelo D\u00e9da foi a amplia\u00e7\u00e3o da distribui\u00e7\u00e3o de \u00e1gua e cestas de alimentos em 40%. Um investimento de R$ 1,4 milh\u00e3o que beneficiar\u00e1 104 mil pessoas. A seca deste ano atingiu um numero maior de munic\u00edpios que o per\u00edodo do ano passado. Em 2011, 11 munic\u00edpios sergipanos, somando 60 mil pessoas, foram assistidas pelo Governo do Estado durante a estiagem. \u201cEstaremos atendendo 40% a mais de agua, ou seja, colocaremos os caminh\u00f5es-pipa para trabalharem mais e contrataremos outros ve\u00edculos. Hoje, distribu\u00edmos 51 mil metros c\u00fabicos e passaremos a distribuir 81 mil metros c\u00fabicos, totalizando 11.571 carradas. Este ano temos um cen\u00e1rio maior e mais grave que 2011. Estamos atuando na regi\u00e3o desde setembro\u201d, disse o coordenador da defesa Civil do Estado, o tenente coronel Mendes.<\/p>\n<p style=\"text-align: justify;\"><strong>Prioridade ao Sert\u00e3o<\/strong><\/p>\n<p style=\"text-align: justify;\">\u201cCom rela\u00e7\u00e3o \u00e0 Secretaria de Agricultura, estamos anunciando a prioriza\u00e7\u00e3o do Sert\u00e3o na distribui\u00e7\u00e3o de emerg\u00eancia de sementes, na mecaniza\u00e7\u00e3o agr\u00edcola. Iremos trabalhar tamb\u00e9m na recupera\u00e7\u00e3o de barragens e na amplia\u00e7\u00e3o de perfura\u00e7\u00e3o de po\u00e7os. Vamos dar um apoio mais intensivo aos agricultores da regi\u00e3o. As linhas de cr\u00e9dito no banco do Nordeste e Banco do Brasil s\u00e3o incentivos fundamentais para a recupera\u00e7\u00e3o da economia do Sert\u00e3o. S\u00f3 em mecaniza\u00e7\u00e3o, s\u00e3o R$ 5 milh\u00f5es em investimentos\u201d, disse Jos\u00e9 Sobral, secret\u00e1rio de Estado de Agricultura.<\/p>\n<p style=\"text-align: justify;\">Produtor de milho e feij\u00e3o no assentamento Cachoeirinha, em Gararu, Manuel dos Santos acredita que as linhas de cr\u00e9dito fomentar\u00e3o a produ\u00e7\u00e3o dos agricultores familiares do local. \u201cTemos 98 fam\u00edlias no assentamento e sem as linhas de cr\u00e9dito, n\u00e3o conseguimos manter a terra e a produ\u00e7\u00e3o. Sem recurso, n\u00e3o temos como trabalhar. Outra medida muito importante foi o investimento que ser\u00e1 feito em abastecimento de \u00e1gua\u201d.<\/p>\n<p style=\"text-align: justify;\"><strong>Participa\u00e7\u00e3o<\/strong><\/p>\n<p style=\"text-align: justify;\">Participaram do ato em Po\u00e7o Redondo autoridades como o vice-governador Jackson Barreto, a primeira-dama e secret\u00e1ria da Inclus\u00e3o, Assist\u00eancia e Desenvolvimento Social, Eliane Aquino, os deputados estaduais Jos\u00e9 Guimar\u00e3es e Jefferson Andrade, o delegado do Minist\u00e9rio do Desenvolvimento Agr\u00e1rio (MDA) em Sergipe, Adailton Santos, o superintendente da Codevasf, Paulo Viana, o comandante do 28\u00ba BC (Unidade do Ex\u00e9rcito que coordena as a\u00e7\u00f5es de carros pipa), coronel Sebasti\u00e3o Oliveira, o coordenador do MST na regi\u00e3o, Esmeraldo Leal, al\u00e9m de secret\u00e1rios de Estado, secret\u00e1rios municipais, parlamentares municipais, lideran\u00e7as de movimentos sociais, representantes dos agricultores e membros de \u00f3rg\u00e3os relacionados com a quest\u00e3o da seca, al\u00e9m da presen\u00e7a maci\u00e7a da popula\u00e7\u00e3o.<\/p>\n<p style=\"text-align: justify;\"><span style=\"color: #666699;\"><em><strong>Ag\u00eancia Sergipe de Not\u00edcias<\/strong><\/em><\/span><\/p>\n","protected":false},"excerpt":{"rendered":"<p>D\u00e9da tamb\u00e9m apresentou projetos estruturantes, que depender\u00e3o da aprova\u00e7\u00e3o do Governo Federal, que somam R$ 323 milh\u00f5es Um pacote de medidas emergenciais para atender \u00e0s principais necessidades da popula\u00e7\u00e3o e dos rebanhos durante o per\u00edodo de estiagem, e uma diversidade de projetos estruturantes, apresentados ao Governo Federal, que visam minimizar os danos nas pr\u00f3ximas secas. [&hellip;]<\/p>\n","protected":false},"author":3,"featured_media":33047,"comment_status":"closed","ping_status":"closed","sticky":false,"template":"","format":"standard","meta":{"footnotes":""},"categories":[6],"tags":[],"class_list":{"0":"post-33044","1":"post","2":"type-post","3":"status-publish","4":"format-standard","5":"has-post-thumbnail","7":"category-politica"},"_links":{"self":[{"href":"https:\/\/senoticias.com.br\/se\/wp-json\/wp\/v2\/posts\/33044"}],"collection":[{"href":"https:\/\/senoticias.com.br\/se\/wp-json\/wp\/v2\/posts"}],"about":[{"href":"https:\/\/senoticias.com.br\/se\/wp-json\/wp\/v2\/types\/post"}],"author":[{"embeddable":true,"href":"https:\/\/senoticias.com.br\/se\/wp-json\/wp\/v2\/users\/3"}],"replies":[{"embeddable":true,"href":"https:\/\/senoticias.com.br\/se\/wp-json\/wp\/v2\/comments?post=33044"}],"version-history":[{"count":0,"href":"https:\/\/senoticias.com.br\/se\/wp-json\/wp\/v2\/posts\/33044\/revisions"}],"wp:featuredmedia":[{"embeddable":true,"href":"https:\/\/senoticias.com.br\/se\/wp-json\/wp\/v2\/media\/33047"}],"wp:attachment":[{"href":"https:\/\/senoticias.com.br\/se\/wp-json\/wp\/v2\/media?parent=33044"}],"wp:term":[{"taxonomy":"category","embeddable":true,"href":"https:\/\/senoticias.com.br\/se\/wp-json\/wp\/v2\/categories?post=33044"},{"taxonomy":"post_tag","embeddable":true,"href":"https:\/\/senoticias.com.br\/se\/wp-json\/wp\/v2\/tags?post=33044"}],"curies":[{"name":"wp","href":"https:\/\/api.w.org\/{rel}","templated":true}]}}