{"id":33038,"date":"2012-05-23T17:33:24","date_gmt":"2012-05-23T20:33:24","guid":{"rendered":"http:\/\/senoticias.com.br\/se\/?p=33038"},"modified":"2012-05-23T22:05:29","modified_gmt":"2012-05-24T01:05:29","slug":"mpfse-e-receita-federal-discutem-fraudes-em-declaracoes-fiscais","status":"publish","type":"post","link":"https:\/\/senoticias.com.br\/se\/mpfse-e-receita-federal-discutem-fraudes-em-declaracoes-fiscais\/","title":{"rendered":"MPF\/SE e Receita Federal discutem fraudes em declara\u00e7\u00f5es fiscais"},"content":{"rendered":"<p style=\"text-align: justify;\"><span style=\"color: #808080;\"><strong>Evento foi transmitido para todas as unidades da Receita Federal e da Procuradoria Nacional da Fazenda no Brasil<\/strong><\/span><\/p>\n<p style=\"text-align: justify;\"><a href=\"http:\/\/senoticias.com.br\/se\/wp-content\/uploads\/2011\/04\/receita-federal.jpg\"><img loading=\"lazy\" decoding=\"async\" class=\"alignleft size-medium wp-image-5723\" title=\"receita federal\" src=\"http:\/\/senoticias.com.br\/se\/wp-content\/uploads\/2011\/04\/receita-federal-300x156.jpg\" alt=\"\" width=\"300\" height=\"156\" srcset=\"https:\/\/senoticias.com.br\/se\/wp-content\/uploads\/2011\/04\/receita-federal-300x156.jpg 300w, https:\/\/senoticias.com.br\/se\/wp-content\/uploads\/2011\/04\/receita-federal.jpg 311w\" sizes=\"(max-width: 300px) 100vw, 300px\" \/><\/a>Na tarde de hoje, 23 de maio, o procurador-chefe e o coordenador do grupo criminal do Minist\u00e9rio P\u00fablico Federal em Sergipe (MPF\/SE), Silvio Amorim Jr. e Ruy Nestor Bastos, participaram do semin\u00e1rio &#8216;Inser\u00e7\u00e3o de Informa\u00e7\u00f5es Inver\u00eddicas em DCTF&#8217;. O evento, organizado pela Receita Federal do Brasil em Aracaju, tratou de Declara\u00e7\u00e3o de D\u00e9bitos e Cr\u00e9ditos Tribut\u00e1rios Federais (DCTF) e foi transmitido para todas as unidades da Receita Federal e da Procuradoria da Fazenda Nacional no Brasil.<\/p>\n<p style=\"text-align: justify;\">O procurador Silvio Amorim Jr explicou que o MPF atua no combate \u00e0s falsifica\u00e7\u00f5es na DCFT tanto no \u00e2mbito c\u00edvel quanto quanto no criminal. Os Of\u00edcios do Patrim\u00f4nio P\u00fablico analisam os casos de improbidade administrativa; os Of\u00edcios Criminais, os crimes relacionados aos casos; e, os da Tutela Coletiva, mandados de seguran\u00e7a contra as fraudes.<\/p>\n<p style=\"text-align: justify;\">Entre 2009 e 2011, foram expedidos 14 mandados de seguran\u00e7a relacionados a casos de fraudes no DCTF, a pedido do MPF\/SE. Neste mesmo per\u00edodo, foram iniciados 15 procedimentos investigat\u00f3rios criminais sobre supostas fraudes e, somente neste ano, j\u00e1 s\u00e3o 12 procedimentos como estes iniciados.<\/p>\n<p style=\"text-align: justify;\">Compuseram a mesa de honra do evento, al\u00e9m do procurador Silvio Amorim Jr, o superintendente da 5\u00aa Regi\u00e3o Fiscal da Receita Federal, Carlos Romeu Silva Queiroz, o delegado da Receita Federal em Sergipe, Fabio Menezes Souza e Silva, o juiz federal Ronivon de Arag\u00e3o, o procurador da Fazenda Nacional Luiz Meneses da Silva e o Auditor da Receita Federal Jos\u00e9 Alberto Lima.<\/p>\n<p style=\"text-align: justify;\"><strong>Processos &#8211;<\/strong> A atua\u00e7\u00e3o em conjunto do MPF\/SE com a Receita Federal tem resultado em a\u00e7\u00f5es como o processo contra a prefeita do munic\u00edpio de Muribeca, por compra de t\u00edtulos p\u00fablicos vencidos para pagamento de d\u00e9bitos tribut\u00e1rios. No caso, a investiga\u00e7\u00e3o foi baseada em fiscaliza\u00e7\u00f5es realizadas pela Receita Federal no munic\u00edpio.<\/p>\n<p style=\"text-align: justify;\"><strong>DCTF &#8211;<\/strong> A Declara\u00e7\u00e3o de D\u00e9bitos e Cr\u00e9ditos de Tributos Federais (DCTF) \u00e9 um documento que traz informa\u00e7\u00f5es relativas aos tributos e contribui\u00e7\u00f5es apurados pela Pessoa Jur\u00eddica. Tamb\u00e9m contem informa\u00e7\u00f5es relativas aos pagamentos, aos d\u00e9bitos, bem como parcelamentos, informa\u00e7\u00f5es sobre suspens\u00e3o da exigibilidade do cr\u00e9dito tribut\u00e1rio, parcelamentos e compensa\u00e7\u00f5es.<\/p>\n<p style=\"text-align: justify;\"><span style=\"color: #333333;\"><strong>Assessoria de Comunica\u00e7\u00e3o<\/strong><\/span><br \/>\n<span style=\"color: #333333;\"><strong>Minist\u00e9rio P\u00fablico Federal em Sergipe<\/strong><\/span><\/p>\n","protected":false},"excerpt":{"rendered":"<p>Evento foi transmitido para todas as unidades da Receita Federal e da Procuradoria Nacional da Fazenda no Brasil Na tarde de hoje, 23 de maio, o procurador-chefe e o coordenador do grupo criminal do Minist\u00e9rio P\u00fablico Federal em Sergipe (MPF\/SE), Silvio Amorim Jr. e Ruy Nestor Bastos, participaram do semin\u00e1rio &#8216;Inser\u00e7\u00e3o de Informa\u00e7\u00f5es Inver\u00eddicas em [&hellip;]<\/p>\n","protected":false},"author":3,"featured_media":5723,"comment_status":"closed","ping_status":"closed","sticky":false,"template":"","format":"standard","meta":{"footnotes":""},"categories":[38],"tags":[],"class_list":{"0":"post-33038","1":"post","2":"type-post","3":"status-publish","4":"format-standard","5":"has-post-thumbnail","7":"category-municipios"},"_links":{"self":[{"href":"https:\/\/senoticias.com.br\/se\/wp-json\/wp\/v2\/posts\/33038"}],"collection":[{"href":"https:\/\/senoticias.com.br\/se\/wp-json\/wp\/v2\/posts"}],"about":[{"href":"https:\/\/senoticias.com.br\/se\/wp-json\/wp\/v2\/types\/post"}],"author":[{"embeddable":true,"href":"https:\/\/senoticias.com.br\/se\/wp-json\/wp\/v2\/users\/3"}],"replies":[{"embeddable":true,"href":"https:\/\/senoticias.com.br\/se\/wp-json\/wp\/v2\/comments?post=33038"}],"version-history":[{"count":0,"href":"https:\/\/senoticias.com.br\/se\/wp-json\/wp\/v2\/posts\/33038\/revisions"}],"wp:featuredmedia":[{"embeddable":true,"href":"https:\/\/senoticias.com.br\/se\/wp-json\/wp\/v2\/media\/5723"}],"wp:attachment":[{"href":"https:\/\/senoticias.com.br\/se\/wp-json\/wp\/v2\/media?parent=33038"}],"wp:term":[{"taxonomy":"category","embeddable":true,"href":"https:\/\/senoticias.com.br\/se\/wp-json\/wp\/v2\/categories?post=33038"},{"taxonomy":"post_tag","embeddable":true,"href":"https:\/\/senoticias.com.br\/se\/wp-json\/wp\/v2\/tags?post=33038"}],"curies":[{"name":"wp","href":"https:\/\/api.w.org\/{rel}","templated":true}]}}