{"id":33033,"date":"2012-05-23T17:26:22","date_gmt":"2012-05-23T20:26:22","guid":{"rendered":"http:\/\/senoticias.com.br\/se\/?p=33033"},"modified":"2012-05-23T17:26:46","modified_gmt":"2012-05-23T20:26:46","slug":"palestra-abordara-tendencias-da-moda-primavera-verao","status":"publish","type":"post","link":"https:\/\/senoticias.com.br\/se\/palestra-abordara-tendencias-da-moda-primavera-verao\/","title":{"rendered":"Palestra abordar\u00e1 Tend\u00eancias da Moda Primavera Ver\u00e3o"},"content":{"rendered":"<p style=\"text-align: justify;\">As \u2018Tend\u00eancias da Moda Primavera \u2013 Ver\u00e3o\u2019 ser\u00e3o tema de palestra gratuita nesta quinta-feira, 24, \u00e0s 18h30, no espa\u00e7o do Senac\u00a0 na Rua do Turista, localizada no centro da capital. O encontro ser\u00e1 coordenado pela consultora de moda e designer Rose Prado.<\/p>\n<p><a href=\"http:\/\/senoticias.com.br\/se\/wp-content\/uploads\/2012\/05\/convite-moda.jpg\"><img loading=\"lazy\" decoding=\"async\" class=\"aligncenter size-full wp-image-33034\" title=\"convite moda\" src=\"http:\/\/senoticias.com.br\/se\/wp-content\/uploads\/2012\/05\/convite-moda.jpg\" alt=\"\" width=\"595\" height=\"842\" srcset=\"https:\/\/senoticias.com.br\/se\/wp-content\/uploads\/2012\/05\/convite-moda.jpg 595w, https:\/\/senoticias.com.br\/se\/wp-content\/uploads\/2012\/05\/convite-moda-211x300.jpg 211w, https:\/\/senoticias.com.br\/se\/wp-content\/uploads\/2012\/05\/convite-moda-342x483.jpg 342w, https:\/\/senoticias.com.br\/se\/wp-content\/uploads\/2012\/05\/convite-moda-300x424.jpg 300w\" sizes=\"(max-width: 595px) 100vw, 595px\" \/><\/a><\/p>\n<p style=\"text-align: justify;\">A iniciativa tem como p\u00fablico alvo os lojistas do centro comercial de Aracaju e da Rua do Turista. As inscri\u00e7\u00f5es ser\u00e3o realizadas no pr\u00f3prio local, trinta minutos antes do in\u00edcio da palestra.\u00a0 O evento \u00e9 promovido pelo Sebrae Sergipe com apoio do Senac e da Administra\u00e7\u00e3o da Rua do Turista. Mais informa\u00e7\u00f5es podem ser obtidas pelo telefone (79) 2106-7737.<\/p>\n<p style=\"text-align: justify;\">A encontro faz parte das a\u00e7\u00f5es do Projeto de Com\u00e9rcio Varejista desenvolvido pelo Sebrae, que tem como meta aumentar a competitividade e garantir a sustentabilidade das pequenas empresas do setor por meio da oferta de capacita\u00e7\u00f5es, consultorias e programas.<\/p>\n<p style=\"text-align: justify;\"><strong>Palestrante<\/strong><\/p>\n<p style=\"text-align: justify;\">Rose Prado \u00e9 designer e consultora de moda formada pela Universidade C\u00e2ndido Mendes, no Rio de Janeiro. Ela \u00e9 especialista em consultorias t\u00e9cnicas para micro e pequenas empresas do setor t\u00eaxtil e de confec\u00e7\u00f5es.<\/p>\n<p style=\"text-align: justify;\"><span style=\"color: #666699;\"><em><strong>Unidade de Comunica\u00e7\u00e3o e Marketing Sebrae\/SE<\/strong><\/em><\/span><\/p>\n","protected":false},"excerpt":{"rendered":"<p>As \u2018Tend\u00eancias da Moda Primavera \u2013 Ver\u00e3o\u2019 ser\u00e3o tema de palestra gratuita nesta quinta-feira, 24, \u00e0s 18h30, no espa\u00e7o do Senac\u00a0 na Rua do Turista, localizada no centro da capital. O encontro ser\u00e1 coordenado pela consultora de moda e designer Rose Prado. A iniciativa tem como p\u00fablico alvo os lojistas do centro comercial de Aracaju [&hellip;]<\/p>\n","protected":false},"author":2,"featured_media":33034,"comment_status":"closed","ping_status":"closed","sticky":false,"template":"","format":"standard","meta":{"footnotes":""},"categories":[43],"tags":[],"class_list":{"0":"post-33033","1":"post","2":"type-post","3":"status-publish","4":"format-standard","5":"has-post-thumbnail","7":"category-voce-reporter"},"_links":{"self":[{"href":"https:\/\/senoticias.com.br\/se\/wp-json\/wp\/v2\/posts\/33033"}],"collection":[{"href":"https:\/\/senoticias.com.br\/se\/wp-json\/wp\/v2\/posts"}],"about":[{"href":"https:\/\/senoticias.com.br\/se\/wp-json\/wp\/v2\/types\/post"}],"author":[{"embeddable":true,"href":"https:\/\/senoticias.com.br\/se\/wp-json\/wp\/v2\/users\/2"}],"replies":[{"embeddable":true,"href":"https:\/\/senoticias.com.br\/se\/wp-json\/wp\/v2\/comments?post=33033"}],"version-history":[{"count":0,"href":"https:\/\/senoticias.com.br\/se\/wp-json\/wp\/v2\/posts\/33033\/revisions"}],"wp:featuredmedia":[{"embeddable":true,"href":"https:\/\/senoticias.com.br\/se\/wp-json\/wp\/v2\/media\/33034"}],"wp:attachment":[{"href":"https:\/\/senoticias.com.br\/se\/wp-json\/wp\/v2\/media?parent=33033"}],"wp:term":[{"taxonomy":"category","embeddable":true,"href":"https:\/\/senoticias.com.br\/se\/wp-json\/wp\/v2\/categories?post=33033"},{"taxonomy":"post_tag","embeddable":true,"href":"https:\/\/senoticias.com.br\/se\/wp-json\/wp\/v2\/tags?post=33033"}],"curies":[{"name":"wp","href":"https:\/\/api.w.org\/{rel}","templated":true}]}}