{"id":33029,"date":"2012-05-23T17:12:22","date_gmt":"2012-05-23T20:12:22","guid":{"rendered":"http:\/\/senoticias.com.br\/se\/?p=33029"},"modified":"2012-05-23T17:12:38","modified_gmt":"2012-05-23T20:12:38","slug":"mpf-faz-recomendacao-ao-ifs-sobre-edital-de-concurso-para-professor","status":"publish","type":"post","link":"https:\/\/senoticias.com.br\/se\/mpf-faz-recomendacao-ao-ifs-sobre-edital-de-concurso-para-professor\/","title":{"rendered":"MPF faz recomenda\u00e7\u00e3o ao IFS sobre edital de concurso para professor"},"content":{"rendered":"<p style=\"text-align: justify;\"><a href=\"http:\/\/senoticias.com.br\/se\/wp-content\/uploads\/2011\/04\/MPF.jpg\"><img loading=\"lazy\" decoding=\"async\" class=\"alignleft size-thumbnail wp-image-4349\" title=\"MPF\" src=\"http:\/\/senoticias.com.br\/se\/wp-content\/uploads\/2011\/04\/MPF-150x150.jpg\" alt=\"\" width=\"150\" height=\"150\" srcset=\"https:\/\/senoticias.com.br\/se\/wp-content\/uploads\/2011\/04\/MPF-150x150.jpg 150w, https:\/\/senoticias.com.br\/se\/wp-content\/uploads\/2011\/04\/MPF-50x50.jpg 50w, https:\/\/senoticias.com.br\/se\/wp-content\/uploads\/2011\/04\/MPF-70x70.jpg 70w, https:\/\/senoticias.com.br\/se\/wp-content\/uploads\/2011\/04\/MPF-55x55.jpg 55w\" sizes=\"(max-width: 150px) 100vw, 150px\" \/><\/a>O Minist\u00e9rio P\u00fablico Federal (MPF) expediu uma nova recomenda\u00e7\u00e3o ao Instituto Federal de Educa\u00e7\u00e3o, Ci\u00eancia e Tecnologia de Sergipe (IFS). Desta vez, a medida visa corrigir a ordem de etapas do calend\u00e1rio do concurso p\u00fablico para provimento dos cargos de professor de ensino b\u00e1sico, t\u00e9cnico e tecnol\u00f3gico.<\/p>\n<p style=\"text-align: justify;\">A partir de uma den\u00fancia realizada via Web, foi detectado que o IFS havia estabelecido que a sele\u00e7\u00e3o para professor contaria com a etapa da prova de t\u00edtulos em um momento anterior \u00e0 prova did\u00e1tica. Normalmente, a prova de t\u00edtulos \u00e9 realizada ao final do processo seletivo a fim de garantir a imparcialidade do certame.<\/p>\n<p style=\"text-align: justify;\">Para que esta quest\u00e3o seja sanada, o MPF recomendou que o IFS atente para que a ordem de realiza\u00e7\u00e3o das provas dos pr\u00f3ximos concursos p\u00fablicos tenha a prova de t\u00edtulos como \u00faltima etapa de sele\u00e7\u00e3o. O IFS tamb\u00e9m dever\u00e1 dar ampla divulga\u00e7\u00e3o dessa medida para que os servidores da \u00e1rea administrativa possam operacionalizar os concursos levando-a em considera\u00e7\u00e3o.<\/p>\n<p style=\"text-align: justify;\">O MPF espera, com isso, que sejam garantidos os Princ\u00edpios da Impessoalidade, Moralidade e Efici\u00eancia. O IFS tem prazo de 30 dias improrrog\u00e1veis para informar se acata ou n\u00e3o a recomenda\u00e7\u00e3o. Entretanto, caso n\u00e3o atenda ao pedido, o MPF poder\u00e1 tomar as medidas judiciais cab\u00edveis.<\/p>\n<p style=\"text-align: justify;\"><span style=\"color: #666699;\"><em><strong>Assessoria de Comunica\u00e7\u00e3o<\/strong><\/em><\/span><br \/>\n<span style=\"color: #666699;\"><em><strong>Minist\u00e9rio P\u00fablico Federal em Sergipe<\/strong><\/em><\/span><\/p>\n","protected":false},"excerpt":{"rendered":"<p>O Minist\u00e9rio P\u00fablico Federal (MPF) expediu uma nova recomenda\u00e7\u00e3o ao Instituto Federal de Educa\u00e7\u00e3o, Ci\u00eancia e Tecnologia de Sergipe (IFS). Desta vez, a medida visa corrigir a ordem de etapas do calend\u00e1rio do concurso p\u00fablico para provimento dos cargos de professor de ensino b\u00e1sico, t\u00e9cnico e tecnol\u00f3gico. A partir de uma den\u00fancia realizada via Web, [&hellip;]<\/p>\n","protected":false},"author":3,"featured_media":4349,"comment_status":"closed","ping_status":"closed","sticky":false,"template":"","format":"standard","meta":{"footnotes":""},"categories":[38],"tags":[],"class_list":{"0":"post-33029","1":"post","2":"type-post","3":"status-publish","4":"format-standard","5":"has-post-thumbnail","7":"category-municipios"},"_links":{"self":[{"href":"https:\/\/senoticias.com.br\/se\/wp-json\/wp\/v2\/posts\/33029"}],"collection":[{"href":"https:\/\/senoticias.com.br\/se\/wp-json\/wp\/v2\/posts"}],"about":[{"href":"https:\/\/senoticias.com.br\/se\/wp-json\/wp\/v2\/types\/post"}],"author":[{"embeddable":true,"href":"https:\/\/senoticias.com.br\/se\/wp-json\/wp\/v2\/users\/3"}],"replies":[{"embeddable":true,"href":"https:\/\/senoticias.com.br\/se\/wp-json\/wp\/v2\/comments?post=33029"}],"version-history":[{"count":0,"href":"https:\/\/senoticias.com.br\/se\/wp-json\/wp\/v2\/posts\/33029\/revisions"}],"wp:featuredmedia":[{"embeddable":true,"href":"https:\/\/senoticias.com.br\/se\/wp-json\/wp\/v2\/media\/4349"}],"wp:attachment":[{"href":"https:\/\/senoticias.com.br\/se\/wp-json\/wp\/v2\/media?parent=33029"}],"wp:term":[{"taxonomy":"category","embeddable":true,"href":"https:\/\/senoticias.com.br\/se\/wp-json\/wp\/v2\/categories?post=33029"},{"taxonomy":"post_tag","embeddable":true,"href":"https:\/\/senoticias.com.br\/se\/wp-json\/wp\/v2\/tags?post=33029"}],"curies":[{"name":"wp","href":"https:\/\/api.w.org\/{rel}","templated":true}]}}