{"id":33023,"date":"2012-05-23T17:05:24","date_gmt":"2012-05-23T20:05:24","guid":{"rendered":"http:\/\/senoticias.com.br\/se\/?p=33023"},"modified":"2012-05-24T06:57:33","modified_gmt":"2012-05-24T09:57:33","slug":"sindicatos-de-jornalistas-e-radialistas-repudiam-acao-de-pms-contra-cesar-gama","status":"publish","type":"post","link":"https:\/\/senoticias.com.br\/se\/sindicatos-de-jornalistas-e-radialistas-repudiam-acao-de-pms-contra-cesar-gama\/","title":{"rendered":"Sindicatos de jornalistas e radialistas repudiam a\u00e7\u00e3o de PMs contra C\u00e9sar Gama"},"content":{"rendered":"<p style=\"text-align: center;\"><span style=\"color: #333333;\"><strong>Nota de Rep\u00fadio e Solidariedade<\/strong><\/span><\/p>\n<p>&nbsp;<\/p>\n<div id=\"attachment_32739\" style=\"width: 202px\" class=\"wp-caption alignleft\"><a href=\"http:\/\/senoticias.com.br\/se\/wp-content\/uploads\/2012\/05\/C%C3%A9sar-Gama.jpg\"><img loading=\"lazy\" decoding=\"async\" aria-describedby=\"caption-attachment-32739\" class=\"size-full wp-image-32739\" title=\"C\u00e9sar Gama\" src=\"http:\/\/senoticias.com.br\/se\/wp-content\/uploads\/2012\/05\/C%C3%A9sar-Gama.jpg\" alt=\"\" width=\"192\" height=\"200\" \/><\/a><p id=\"caption-attachment-32739\" class=\"wp-caption-text\">Sindicatos de jornalistas e radialistas repudiam a\u00e7\u00e3o de PMs contra C\u00e9sar Gama\/Reprodu\u00e7\u00e3o<\/p><\/div>\n<p style=\"text-align: justify;\">O Sindicato dos Jornalistas Profissionais de Sergipe, a Associa\u00e7\u00e3o Sergipana de Imprensa, a Federa\u00e7\u00e3o Nacional dos Radialistas e o Sindicato dos Radialistas de Sergipe manifestam conjuntamente sua solidariedade ao jornalista C\u00e9sar Gama diante do intoler\u00e1vel e inaceit\u00e1vel constrangimento ilegal a que foi submetido por policiais militares do Estado de Sergipe, na manh\u00e3 do s\u00e1bado, 19\/05\/2012, em estabelecimento comercial da Praia de Atalaia, num lament\u00e1vel fato amplamente divulgado pela imprensa.<\/p>\n<p style=\"text-align: justify;\">C\u00e9sar Gama \u00e9 reconhecido publicamente pelo hist\u00f3rico profissional forjado num corajoso combate ao autoritarismo, ao abuso de poder e ao banditismo, atrav\u00e9s de trabalhos de investiga\u00e7\u00e3o jornal\u00edstica que muitas vezes resultaram na pris\u00e3o e condena\u00e7\u00e3o de criminosos e membros das for\u00e7as de seguran\u00e7a p\u00fablica que, no exerc\u00edcio do poder de pol\u00edcia, cometeram injusti\u00e7as, torturas e assassinatos de inocentes, embora fossem pagos com dinheiro do contribuinte. Al\u00e9m disso, \u00e9 professor, bi\u00f3logo, pesquisador e psicanalista cl\u00ednico, com not\u00e1vel saber em diversas \u00e1reas do conhecimento humano.<\/p>\n<p style=\"text-align: justify;\">Por conta do combativo perfil profissional na \u00e1rea do jornalismo investigativo, h\u00e1 mais de 20 anos tem sido dado a C\u00e9sar Gama o direito ao Porte Federal de Arma de defesa, per\u00edodo no qual demonstrou o necess\u00e1rio equil\u00edbrio para exercer a concess\u00e3o, havendo, inclusive, realizado a cada tr\u00eas anos \u2013 e de acordo com a lei \u2013, constantes testes psicol\u00f3gicos de avalia\u00e7\u00e3o conduzidos pela Pol\u00edcia Federal. A a\u00e7\u00e3o policial que resultou na abordagem a C\u00e9sar Gama, com a apreens\u00e3o de sua arma e do porte federal em plena validade, tornou-se ainda mais grave quando se revelou que no local foi feita refer\u00eancia \u00e0 sua trajet\u00f3ria profissional anterior, relacionada ao combate aos grupos de exterm\u00ednio na corpora\u00e7\u00e3o militar estadual, sendo ele taxado de \u201cinimigo da Pol\u00edcia Militar\u201d pelo agente que comandava a opera\u00e7\u00e3o, num evidente sinal de ressentimento, conforme relatou o jornalista.<\/p>\n<p style=\"text-align: justify;\">Da mesma forma, ficou patente o desd\u00e9m \u00e0 sua atividade profissional e \u00e0 Federa\u00e7\u00e3o Nacional dos Jornalistas (Fenaj), quando os agentes da lei recusaram sua identidade funcional de jornalista como documento de identidade v\u00e1lido, em claro desrespeito \u00e0 lei 7.084\/82, que ampara o cart\u00e3o de identifica\u00e7\u00e3o da Fenaj como substituto legal \u00e0 Carteira de Identidade, em todo o territ\u00f3rio nacional.<\/p>\n<p style=\"text-align: justify;\">Diante dos acontecimentos recentes envolvendo o despreparo t\u00e9cnico e psicol\u00f3gico dos agentes de pol\u00edcia do Estado de Sergipe, inclusive no epis\u00f3dio em que ficou claro o abuso de poder e o arb\u00edtrio na recente pris\u00e3o do digno e ativo conselheiro e presidente da Comiss\u00e3o de Direitos Humanos da OAB\/SE, o advogado militante Cl\u00e1udio Miguel Menezes de Oliveira, que foi algemado e desrespeitado em seus direitos mais fundamentais \u2013 agora acrescido de mais esse fato, envolvendo desta feita o jornalista C\u00e9sar Gama \u2013, as entidades que subscrevem esta nota, ao tempo em que repudiam com veem\u00eancia a\u00e7\u00f5es policiais descabidas e arbitr\u00e1rias dessa natureza, que remetem ao retorno a um indesej\u00e1vel regime de exce\u00e7\u00e3o que n\u00e3o pode jamais ser tolerado por uma sociedade que tem no Estado de Direito a sua base fundamental, propugnam mais uma vez pela necessidade imediata do Poder P\u00fablico Estadual envidar esfor\u00e7os no sentido de melhor capacitar os seus agentes da lei ao exerc\u00edcio profissional de defesa da comunidade, preservando as garantias individuais, a dignidade e os direitos dos cidad\u00e3os sergipanos.<\/p>\n<p style=\"text-align: justify;\">As entidades que aqui se manifestam exortam ainda o Governo de Sergipe a criar mecanismos de defesa que garantam os direitos de todos aqueles profissionais que, pelas caracter\u00edsticas da fun\u00e7\u00e3o que exercem \u2013 a exemplo de advogados, jornalistas, m\u00e9dicos, assistentes sociais, enfermeiros, psic\u00f3logos, etc. \u2013, podem vir a ser vexatoriamente submetidos a uma abordagem policial que os identifiquem como \u201cinimigos da Pol\u00edcia Militar\u201d simplesmente porque, no exerc\u00edcio de suas prerrogativas funcionais, tiveram que relatar condutas inapropriadas e arbitr\u00e1rias cometidas por maus agentes da lei, que precisam ser urgentemente extirpados daquela corpora\u00e7\u00e3o.<\/p>\n<p style=\"text-align: justify;\">Finalizando, as institui\u00e7\u00f5es abaixo assinadas comunicam que nesta quinta-feira, dia 24 de maio, com o irrestrito apoio da Ordem dos Advogados do Brasil \u2013 Seccional Sergipe \u2013 se far\u00e3o presentes em reuni\u00e3o marcada para esta data entre a dire\u00e7\u00e3o da OAB\/SE, o Secret\u00e1rio de Estado da Seguran\u00e7a P\u00fablica, Jo\u00e3o Eloy, e o Comandante da Pol\u00edcia Militar, Coronel Maur\u00edcio Yunes, quando ent\u00e3o ser\u00e3o discutidos os temas relativos a esta\u00a0 nota.<\/p>\n<p style=\"text-align: justify;\"><strong>Aracaju, 23 de Maio de 2012<\/strong><\/p>\n","protected":false},"excerpt":{"rendered":"<p>Nota de Rep\u00fadio e Solidariedade &nbsp; O Sindicato dos Jornalistas Profissionais de Sergipe, a Associa\u00e7\u00e3o Sergipana de Imprensa, a Federa\u00e7\u00e3o Nacional dos Radialistas e o Sindicato dos Radialistas de Sergipe manifestam conjuntamente sua solidariedade ao jornalista C\u00e9sar Gama diante do intoler\u00e1vel e inaceit\u00e1vel constrangimento ilegal a que foi submetido por policiais militares do Estado de [&hellip;]<\/p>\n","protected":false},"author":3,"featured_media":32739,"comment_status":"closed","ping_status":"closed","sticky":false,"template":"","format":"standard","meta":{"footnotes":""},"categories":[38],"tags":[],"class_list":{"0":"post-33023","1":"post","2":"type-post","3":"status-publish","4":"format-standard","5":"has-post-thumbnail","7":"category-municipios"},"_links":{"self":[{"href":"https:\/\/senoticias.com.br\/se\/wp-json\/wp\/v2\/posts\/33023"}],"collection":[{"href":"https:\/\/senoticias.com.br\/se\/wp-json\/wp\/v2\/posts"}],"about":[{"href":"https:\/\/senoticias.com.br\/se\/wp-json\/wp\/v2\/types\/post"}],"author":[{"embeddable":true,"href":"https:\/\/senoticias.com.br\/se\/wp-json\/wp\/v2\/users\/3"}],"replies":[{"embeddable":true,"href":"https:\/\/senoticias.com.br\/se\/wp-json\/wp\/v2\/comments?post=33023"}],"version-history":[{"count":0,"href":"https:\/\/senoticias.com.br\/se\/wp-json\/wp\/v2\/posts\/33023\/revisions"}],"wp:featuredmedia":[{"embeddable":true,"href":"https:\/\/senoticias.com.br\/se\/wp-json\/wp\/v2\/media\/32739"}],"wp:attachment":[{"href":"https:\/\/senoticias.com.br\/se\/wp-json\/wp\/v2\/media?parent=33023"}],"wp:term":[{"taxonomy":"category","embeddable":true,"href":"https:\/\/senoticias.com.br\/se\/wp-json\/wp\/v2\/categories?post=33023"},{"taxonomy":"post_tag","embeddable":true,"href":"https:\/\/senoticias.com.br\/se\/wp-json\/wp\/v2\/tags?post=33023"}],"curies":[{"name":"wp","href":"https:\/\/api.w.org\/{rel}","templated":true}]}}